{"id":13228,"date":"2024-01-07T18:23:29","date_gmt":"2024-01-07T18:23:29","guid":{"rendered":"https:\/\/ecosdelsur.com\/?p=13228"},"modified":"2024-01-07T18:23:29","modified_gmt":"2024-01-07T18:23:29","slug":"encuentro-cultural-barrios-en-escena","status":"publish","type":"post","link":"https:\/\/ecosdelsur.com\/?p=13228","title":{"rendered":"Encuentro cultural \u201cBarrios en Escena\u201d"},"content":{"rendered":"<p>07\/01\/2023- Este s\u00e1bado, la Subsecretar\u00eda de Cultura llev\u00f3 a cabo la actividad \u201cBarrios en Escena\u201d, con el prop\u00f3sito de brindar a la comunidad una alternativa recreativa e informativa en esta temporada estival.<br \/>\nEl evento se desarrollo en la plaza del barrio Rotary 23, con una gran cantidad de vecinos que se acercaron y disfrutaron de los artistas, bandas locales y ferias.<img decoding=\"async\" class=\"alignnone size-full wp-image-13230 lazyload\" data-src=\"https:\/\/ecosdelsur.com\/wp-content\/uploads\/2024\/01\/WhatsApp-Image-2024-01-07-at-11.14.39-2.jpeg\" alt=\"\" width=\"800\" height=\"484\" data-srcset=\"https:\/\/ecosdelsur.com\/wp-content\/uploads\/2024\/01\/WhatsApp-Image-2024-01-07-at-11.14.39-2.jpeg 800w, https:\/\/ecosdelsur.com\/wp-content\/uploads\/2024\/01\/WhatsApp-Image-2024-01-07-at-11.14.39-2-300x182.jpeg 300w, https:\/\/ecosdelsur.com\/wp-content\/uploads\/2024\/01\/WhatsApp-Image-2024-01-07-at-11.14.39-2-768x465.jpeg 768w\" data-sizes=\"(max-width: 800px) 100vw, 800px\" src=\"data:image\/svg+xml;base64,PHN2ZyB3aWR0aD0iMSIgaGVpZ2h0PSIxIiB4bWxucz0iaHR0cDovL3d3dy53My5vcmcvMjAwMC9zdmciPjwvc3ZnPg==\" style=\"--smush-placeholder-width: 800px; --smush-placeholder-aspect-ratio: 800\/484;\" \/><\/p>\n<p>En este marco, Dana Moreno, encargada de la cartera cultural del municipio, coment\u00f3 que este evento tiene como finalidad llevar el arte y la cultura a los barrios, adem\u00e1s, junto a la articulaci\u00f3n de otras \u00e1reas, tales como Gesti\u00f3n Ambiental, se logr\u00f3 informar a la comunidad y brindar el servicio de desparasitaci\u00f3n, vacuna antirr\u00e1bica para perros y gatos, y agendar turnos para castraci\u00f3n.<img decoding=\"async\" class=\"alignnone size-full wp-image-13231 lazyload\" data-src=\"https:\/\/ecosdelsur.com\/wp-content\/uploads\/2024\/01\/WhatsApp-Image-2024-01-07-at-11.14.39.jpeg\" alt=\"\" width=\"800\" height=\"471\" data-srcset=\"https:\/\/ecosdelsur.com\/wp-content\/uploads\/2024\/01\/WhatsApp-Image-2024-01-07-at-11.14.39.jpeg 800w, https:\/\/ecosdelsur.com\/wp-content\/uploads\/2024\/01\/WhatsApp-Image-2024-01-07-at-11.14.39-300x177.jpeg 300w, https:\/\/ecosdelsur.com\/wp-content\/uploads\/2024\/01\/WhatsApp-Image-2024-01-07-at-11.14.39-768x452.jpeg 768w\" data-sizes=\"(max-width: 800px) 100vw, 800px\" src=\"data:image\/svg+xml;base64,PHN2ZyB3aWR0aD0iMSIgaGVpZ2h0PSIxIiB4bWxucz0iaHR0cDovL3d3dy53My5vcmcvMjAwMC9zdmciPjwvc3ZnPg==\" style=\"--smush-placeholder-width: 800px; --smush-placeholder-aspect-ratio: 800\/471;\" \/><br \/>\n\u201cUn gran n\u00famero de vecinos se acercaron para informarse y disfrutar de la actividad que quedar\u00e1 fija en la agenda cultural y que recorrer\u00e1 los distintos barrios de la ciudad\u201d, remarc\u00f3 Moreno.<img decoding=\"async\" class=\"alignnone size-full wp-image-13232 lazyload\" data-src=\"https:\/\/ecosdelsur.com\/wp-content\/uploads\/2024\/01\/WhatsApp-Image-2024-01-07-at-11.14.40.jpeg\" alt=\"\" width=\"800\" height=\"482\" data-srcset=\"https:\/\/ecosdelsur.com\/wp-content\/uploads\/2024\/01\/WhatsApp-Image-2024-01-07-at-11.14.40.jpeg 800w, https:\/\/ecosdelsur.com\/wp-content\/uploads\/2024\/01\/WhatsApp-Image-2024-01-07-at-11.14.40-300x181.jpeg 300w, https:\/\/ecosdelsur.com\/wp-content\/uploads\/2024\/01\/WhatsApp-Image-2024-01-07-at-11.14.40-768x463.jpeg 768w\" data-sizes=\"(max-width: 800px) 100vw, 800px\" src=\"data:image\/svg+xml;base64,PHN2ZyB3aWR0aD0iMSIgaGVpZ2h0PSIxIiB4bWxucz0iaHR0cDovL3d3dy53My5vcmcvMjAwMC9zdmciPjwvc3ZnPg==\" style=\"--smush-placeholder-width: 800px; --smush-placeholder-aspect-ratio: 800\/482;\" \/><\/p>\n<p>Asimismo, adelant\u00f3 que el pr\u00f3ximo fin de semana llevar\u00e1n esta iniciativa al barrio Gobernador Gregores, \u201cen cada edici\u00f3n le daremos lugar a otros artistas y bandas para que todos puedan tener su espacio\u201d.<\/p>\n<p>Gesti\u00f3n Ambiental<\/p>\n<p>Por otro lado, el \u00e1rea de ambiente se sum\u00f3 a la actividad con un stand informativo y juegos para toda la familia.<br \/>\nDavid Acosta, subsecretario de Gesti\u00f3n Ambiental, coment\u00f3 que participaron con un stand para desparasitaciones y vacunas antirr\u00e1bicas para canes y felinos, donde adem\u00e1s, pod\u00edan anotarse para realizar la castraci\u00f3n del mismo.<br \/>\n\u201cNos sumamos porque entendemos que tenemos que participar para brindar todo tipo de informaci\u00f3n para el cuidado ambiental y para construir una mejor ciudad\u201d, manifest\u00f3 Acosta.<\/p>\n<p>Marcellazo<\/p>\n<p>Se sumo a esta iniciativa por parte de la subsecretar\u00eda de cultura,<br \/>\nAgradezco que me tengan en cuenta para poder llevar mi arte a los ni\u00f1os y ni\u00f1as, si ellos son felices, papa y mama tambi\u00e9n<br \/>\nNos gusta divertirnos y jugar<br \/>\nEs una herramienta muy valida<br \/>\nMarcellaso estar\u00e1 presente en cada actividad acompa\u00f1ando.<\/p>\n","protected":false},"excerpt":{"rendered":"<p>07\/01\/2023- Este s\u00e1bado, la Subsecretar\u00eda de Cultura llev\u00f3 a cabo la actividad \u201cBarrios en Escena\u201d, con el prop\u00f3sito de brindar<\/p>\n","protected":false},"author":8,"featured_media":13229,"comment_status":"open","ping_status":"closed","sticky":false,"template":"","format":"standard","meta":{"footnotes":""},"categories":[35],"tags":[],"class_list":["post-13228","post","type-post","status-publish","format-standard","has-post-thumbnail","hentry","category-sociedad"],"_links":{"self":[{"href":"https:\/\/ecosdelsur.com\/index.php?rest_route=\/wp\/v2\/posts\/13228","targetHints":{"allow":["GET"]}}],"collection":[{"href":"https:\/\/ecosdelsur.com\/index.php?rest_route=\/wp\/v2\/posts"}],"about":[{"href":"https:\/\/ecosdelsur.com\/index.php?rest_route=\/wp\/v2\/types\/post"}],"author":[{"embeddable":true,"href":"https:\/\/ecosdelsur.com\/index.php?rest_route=\/wp\/v2\/users\/8"}],"replies":[{"embeddable":true,"href":"https:\/\/ecosdelsur.com\/index.php?rest_route=%2Fwp%2Fv2%2Fcomments&post=13228"}],"version-history":[{"count":0,"href":"https:\/\/ecosdelsur.com\/index.php?rest_route=\/wp\/v2\/posts\/13228\/revisions"}],"wp:featuredmedia":[{"embeddable":true,"href":"https:\/\/ecosdelsur.com\/index.php?rest_route=\/wp\/v2\/media\/13229"}],"wp:attachment":[{"href":"https:\/\/ecosdelsur.com\/index.php?rest_route=%2Fwp%2Fv2%2Fmedia&parent=13228"}],"wp:term":[{"taxonomy":"category","embeddable":true,"href":"https:\/\/ecosdelsur.com\/index.php?rest_route=%2Fwp%2Fv2%2Fcategories&post=13228"},{"taxonomy":"post_tag","embeddable":true,"href":"https:\/\/ecosdelsur.com\/index.php?rest_route=%2Fwp%2Fv2%2Ftags&post=13228"}],"curies":[{"name":"wp","href":"https:\/\/api.w.org\/{rel}","templated":true}]}}