{"id":13222,"date":"2024-01-07T17:20:12","date_gmt":"2024-01-07T17:20:12","guid":{"rendered":"https:\/\/ecosdelsur.com\/?p=13222"},"modified":"2024-01-07T17:20:12","modified_gmt":"2024-01-07T17:20:12","slug":"alvarez-vamos-a-trabajar-con-inversiones-privadas-y-trabajo-genuino","status":"publish","type":"post","link":"https:\/\/ecosdelsur.com\/?p=13222","title":{"rendered":"\u00c1lvarez: \u201cVamos a trabajar con inversiones privadas y trabajo genuino\u201d"},"content":{"rendered":"<p><span style=\"font-size: 16px;\">07\/01\/2023- El fine de semana pasado se dio la segunda reuni\u00f3n de exposiciones, en esta oportunidad, fue el turno del Ministerio de Energ\u00eda y Miner\u00eda.<img decoding=\"async\" class=\"alignnone size-full wp-image-13224 lazyload\" data-src=\"https:\/\/ecosdelsur.com\/wp-content\/uploads\/2024\/01\/WhatsApp_Image_2024-01-05_at_12.16.37_11.jpeg\" alt=\"\" width=\"800\" height=\"439\" data-srcset=\"https:\/\/ecosdelsur.com\/wp-content\/uploads\/2024\/01\/WhatsApp_Image_2024-01-05_at_12.16.37_11.jpeg 800w, https:\/\/ecosdelsur.com\/wp-content\/uploads\/2024\/01\/WhatsApp_Image_2024-01-05_at_12.16.37_11-300x165.jpeg 300w, https:\/\/ecosdelsur.com\/wp-content\/uploads\/2024\/01\/WhatsApp_Image_2024-01-05_at_12.16.37_11-768x421.jpeg 768w\" data-sizes=\"(max-width: 800px) 100vw, 800px\" src=\"data:image\/svg+xml;base64,PHN2ZyB3aWR0aD0iMSIgaGVpZ2h0PSIxIiB4bWxucz0iaHR0cDovL3d3dy53My5vcmcvMjAwMC9zdmciPjwvc3ZnPg==\" style=\"--smush-placeholder-width: 800px; --smush-placeholder-aspect-ratio: 800\/439;\" \/> <\/span><\/p>\n<p><span style=\"font-size: 16px;\">Su titular, Jaime \u00c1lvarez, expuso sobre la necesidad de generar industria, desarrollo y empleo local. \u201cEs clave comprender lo que estamos haciendo, a d\u00f3nde vamos y lo que queremos hacer\u201d, se\u00f1al\u00f3 tras el encuentro el gobernador Claudio Vidal.<img decoding=\"async\" class=\"alignnone size-full wp-image-13225 lazyload\" data-src=\"https:\/\/ecosdelsur.com\/wp-content\/uploads\/2024\/01\/WhatsApp_Image_2024-01-05_at_12.16.37_12.jpeg\" alt=\"\" width=\"800\" height=\"426\" data-srcset=\"https:\/\/ecosdelsur.com\/wp-content\/uploads\/2024\/01\/WhatsApp_Image_2024-01-05_at_12.16.37_12.jpeg 800w, https:\/\/ecosdelsur.com\/wp-content\/uploads\/2024\/01\/WhatsApp_Image_2024-01-05_at_12.16.37_12-300x160.jpeg 300w, https:\/\/ecosdelsur.com\/wp-content\/uploads\/2024\/01\/WhatsApp_Image_2024-01-05_at_12.16.37_12-768x409.jpeg 768w\" data-sizes=\"(max-width: 800px) 100vw, 800px\" src=\"data:image\/svg+xml;base64,PHN2ZyB3aWR0aD0iMSIgaGVpZ2h0PSIxIiB4bWxucz0iaHR0cDovL3d3dy53My5vcmcvMjAwMC9zdmciPjwvc3ZnPg==\" style=\"--smush-placeholder-width: 800px; --smush-placeholder-aspect-ratio: 800\/426;\" \/><\/span><\/p>\n<div class=\"itemFullText\">\n<p>Encabezado por el gobernador Claudio Vidal y con la presencia del gabinete provincial, ministros, secretarios y subsecretarios, el ministro de Energ\u00eda, Jaime \u00c1lvarez, describi\u00f3 los lineamientos de la cartera que tiene a su cargo y expuso sobre la actualidad de las tres \u00e1reas m\u00e1s importantes: energ\u00eda, miner\u00eda, recursos h\u00eddricos e hidrocarburos.<img decoding=\"async\" class=\"alignnone size-full wp-image-13226 lazyload\" data-src=\"https:\/\/ecosdelsur.com\/wp-content\/uploads\/2024\/01\/WhatsApp_Image_2024-01-05_at_12.16.37_14.jpeg\" alt=\"\" width=\"800\" height=\"453\" data-srcset=\"https:\/\/ecosdelsur.com\/wp-content\/uploads\/2024\/01\/WhatsApp_Image_2024-01-05_at_12.16.37_14.jpeg 800w, https:\/\/ecosdelsur.com\/wp-content\/uploads\/2024\/01\/WhatsApp_Image_2024-01-05_at_12.16.37_14-300x170.jpeg 300w, https:\/\/ecosdelsur.com\/wp-content\/uploads\/2024\/01\/WhatsApp_Image_2024-01-05_at_12.16.37_14-768x435.jpeg 768w\" data-sizes=\"(max-width: 800px) 100vw, 800px\" src=\"data:image\/svg+xml;base64,PHN2ZyB3aWR0aD0iMSIgaGVpZ2h0PSIxIiB4bWxucz0iaHR0cDovL3d3dy53My5vcmcvMjAwMC9zdmciPjwvc3ZnPg==\" style=\"--smush-placeholder-width: 800px; --smush-placeholder-aspect-ratio: 800\/453;\" \/><\/p>\n<p>Durante el encuentro, apunt\u00f3 a la necesidad de generar industria, desarrollo y empleo local. \u201cEn el d\u00eda de hoy lo que se ha hecho es la exposici\u00f3n de la planificaci\u00f3n de trabajo a los pr\u00f3ximos cuatro a\u00f1os, hay algunas de las medidas que exceden los cuatro a\u00f1os, que son para ocho a diez a\u00f1os de trabajo, pero son pol\u00edticas de Estado\u201d, se\u00f1al\u00f3 en primera instancia.<\/p>\n<p>\u00c1lvarez detall\u00f3 que el foco se ubica en \u201clo que tiene que ver energ\u00eda, tanto convencional como hidrocarburos, en energ\u00eda el\u00e9ctrica, en el sector minero y en el \u00e1rea de recursos h\u00eddricos\u201d, puntos sobre los que se habl\u00f3 \u201cc\u00f3mo van a trabajar estas \u00e1reas, cu\u00e1les son los proyectos que tienen, los plazos y dem\u00e1s\u201d.<\/p>\n<p>Adem\u00e1s, indic\u00f3: \u201cHemos tenido no solamente una exposici\u00f3n, sino tambi\u00e9n un proceso que ha comenzado con los diferentes funcionarios en las diferentes l\u00edneas donde se va a seguir trabajando con despachos abiertos, es decir, cualquier vecino puede venir a presentar un proyecto\u201d.<\/p>\n<p>Del mismo modo, asegur\u00f3, \u201ccon los compa\u00f1eros de trabajo, potenciarnos, ser austeros en nuestros esquemas y tener una claridad t\u00e9cnica y una proyecci\u00f3n para que todo el mundo la sepa y sepa hacia d\u00f3nde nos dirigimos en base a los lineamientos pol\u00edticos y t\u00e9cnicos que nos ha dado el se\u00f1or Gobernador\u201d.<\/p>\n<p>En este punto, el ministro mencion\u00f3 que las proyecciones a corto y mediano plazo tienen que ver con \u201ctodo lo que tenga que ver con inversi\u00f3n privada y trabajo genuino, ya estamos trabajando con empresas mineras, con empresas petroleras, con empresas de recursos naturales, con empresas de energ\u00edas renovables y dem\u00e1s\u201d.<\/p>\n<p>Esos proyectos, asegur\u00f3, \u201cya estamos canaliz\u00e1ndolos, en un contexto que ha cambiado a nivel nacional y que todav\u00eda tienen que pasar por el Congreso las diferentes medidas, pero m\u00e1s all\u00e1 de eso, nosotros ya estamos hablando con diferentes inversores, el Gobernador nos ha dado precisas indicaciones de trabajar con inversi\u00f3n privada y trabajo genuino, es lo que vamos a llevar adelante\u201d.<\/p>\n<p>Para cerrar, sobre todo lo que tenga que ver con inversi\u00f3n p\u00fablica, se\u00f1al\u00f3 que \u201cel a\u00f1o 2024 va a requerir una planificaci\u00f3n y reci\u00e9n va a poder comenzar a ejecutarse, creemos, en el a\u00f1o 2025, porque la complejidad de este a\u00f1o hace que debamos ser muy cuidadosos con los recursos econ\u00f3micos\u201d.<\/p>\n<p>Por su parte, el gobernador Claudio Vidal asegur\u00f3 tras la presentaci\u00f3n: \u201cMe gustar\u00eda que sigan participando en este tipo de reuniones porque esto va a generar mucha din\u00e1mica dentro del Gobierno. Que todos podamos entender y comprender lo que estamos haciendo, a d\u00f3nde vamos y lo que queremos hacer. Despu\u00e9s nos vamos a mirar y vamos a entender y todo ser\u00e1 m\u00e1s sencillo\u201d, indic\u00f3 el Gobernador en ese contexto.<\/p>\n<p>A la vez, remarc\u00f3 que es una persona de trabajo que aprendi\u00f3 a concretar varios proyectos en equipo. \u201cS\u00e9 trabajar en equipo, me gusta esto de la charla y siempre voy a pedir a todos que pregunten porque el equipo de ministros est\u00e1 preparado. Los vamos a controlar para que todos cumplan con lo que estamos presentando ante ustedes\u201d.<\/p>\n<\/div>\n","protected":false},"excerpt":{"rendered":"<p>07\/01\/2023- El fine de semana pasado se dio la segunda reuni\u00f3n de exposiciones, en esta oportunidad, fue el turno del<\/p>\n","protected":false},"author":8,"featured_media":13223,"comment_status":"open","ping_status":"closed","sticky":false,"template":"","format":"standard","meta":{"footnotes":""},"categories":[35],"tags":[],"class_list":["post-13222","post","type-post","status-publish","format-standard","has-post-thumbnail","hentry","category-sociedad"],"_links":{"self":[{"href":"https:\/\/ecosdelsur.com\/index.php?rest_route=\/wp\/v2\/posts\/13222","targetHints":{"allow":["GET"]}}],"collection":[{"href":"https:\/\/ecosdelsur.com\/index.php?rest_route=\/wp\/v2\/posts"}],"about":[{"href":"https:\/\/ecosdelsur.com\/index.php?rest_route=\/wp\/v2\/types\/post"}],"author":[{"embeddable":true,"href":"https:\/\/ecosdelsur.com\/index.php?rest_route=\/wp\/v2\/users\/8"}],"replies":[{"embeddable":true,"href":"https:\/\/ecosdelsur.com\/index.php?rest_route=%2Fwp%2Fv2%2Fcomments&post=13222"}],"version-history":[{"count":0,"href":"https:\/\/ecosdelsur.com\/index.php?rest_route=\/wp\/v2\/posts\/13222\/revisions"}],"wp:featuredmedia":[{"embeddable":true,"href":"https:\/\/ecosdelsur.com\/index.php?rest_route=\/wp\/v2\/media\/13223"}],"wp:attachment":[{"href":"https:\/\/ecosdelsur.com\/index.php?rest_route=%2Fwp%2Fv2%2Fmedia&parent=13222"}],"wp:term":[{"taxonomy":"category","embeddable":true,"href":"https:\/\/ecosdelsur.com\/index.php?rest_route=%2Fwp%2Fv2%2Fcategories&post=13222"},{"taxonomy":"post_tag","embeddable":true,"href":"https:\/\/ecosdelsur.com\/index.php?rest_route=%2Fwp%2Fv2%2Ftags&post=13222"}],"curies":[{"name":"wp","href":"https:\/\/api.w.org\/{rel}","templated":true}]}}