{"id":13212,"date":"2024-01-07T06:37:46","date_gmt":"2024-01-07T06:37:46","guid":{"rendered":"https:\/\/ecosdelsur.com\/?p=13212"},"modified":"2024-01-07T06:44:32","modified_gmt":"2024-01-07T06:44:32","slug":"rapida-intervencion-de-la-policia-detuvieron-al-posible-autor-del-tragico-hecho","status":"publish","type":"post","link":"https:\/\/ecosdelsur.com\/?p=13212","title":{"rendered":"R\u00e1pida intervenci\u00f3n de la polic\u00eda, detuvieron al posible autor del tr\u00e1gico hecho"},"content":{"rendered":"<p>06\/01\/2023- Un individuo fue a Gomer\u00eda Gabriel para reclamar sobre el presunto robo de una moto. En este momento, uno de los empleados exhibi\u00f3 un arma de fuego y le dispar\u00f3 a la altura del pecho a la v\u00edctima.<img decoding=\"async\" class=\"alignnone size-full wp-image-13213 lazyload\" data-src=\"https:\/\/ecosdelsur.com\/wp-content\/uploads\/2024\/01\/WhatsApp-Image-2024-01-06-at-22.19.39.jpeg\" alt=\"\" width=\"737\" height=\"518\" data-srcset=\"https:\/\/ecosdelsur.com\/wp-content\/uploads\/2024\/01\/WhatsApp-Image-2024-01-06-at-22.19.39.jpeg 737w, https:\/\/ecosdelsur.com\/wp-content\/uploads\/2024\/01\/WhatsApp-Image-2024-01-06-at-22.19.39-300x211.jpeg 300w, https:\/\/ecosdelsur.com\/wp-content\/uploads\/2024\/01\/WhatsApp-Image-2024-01-06-at-22.19.39-130x90.jpeg 130w\" data-sizes=\"(max-width: 737px) 100vw, 737px\" src=\"data:image\/svg+xml;base64,PHN2ZyB3aWR0aD0iMSIgaGVpZ2h0PSIxIiB4bWxucz0iaHR0cDovL3d3dy53My5vcmcvMjAwMC9zdmciPjwvc3ZnPg==\" style=\"--smush-placeholder-width: 737px; --smush-placeholder-aspect-ratio: 737\/518;\" \/><\/p>\n<p>En horas de la tarde, el lamentable hecho\u00a0 sacudi\u00f3 a la localidad de Caleta Olivia. Un individuo fue a Gomer\u00eda Gabriel para reclamar sobre el presunto robo de una moto. En este momento, uno de los empleados exhibi\u00f3 un arma de fuego y le dispar\u00f3 a la altura del pecho a la v\u00edctima.<\/p>\n<p>Respecto al hecho del herido con un arma de fuego en la Avda. Gdor. Gregores al 500, donde un hombre de 31 a\u00f1os result\u00f3 lesionado y hospitalizado, la Divisi\u00f3n Comisar\u00eda Segunda con la supervisi\u00f3n de la c\u00fapula de la Direcci\u00f3n Regional Norte que se present\u00f3 en el lugar de los hechos. Destac\u00f3 que las personas que habr\u00edan sido testigos del hecho, fueron conducidas inmediatamente para que brinden declaraci\u00f3n, donde surgieron datos del presunto autor del hecho.<\/p>\n<p>Paralelo a ello se localiz\u00f3 a esta persona, y se constituy\u00f3 personal policial al domicilio de un individuo de 22 a\u00f1os, quien fue acompa\u00f1ado por el due\u00f1o de la Gomer\u00eda hasta la Comisar\u00eda Segunda, escoltado por efectivos policiales, donde qued\u00f3 aprehendido bajo formalidades legales a disposicion del Juzgado de Instruccion Penal Nro. Uno de Caleta Olivia.<\/p>\n<p>Por otra parte se procedi\u00f3 al secuestro de un revolver calibre 32, que fue entregado por el mencionado comerciante. Se destaca desde la Direccion General Regional Norte el trabajo conjunto llevado adelante por personal de la Division Comisaria Segunda, Unidad Policial de Prevencion Local y la Division de Investigaciones de la ciudad, quienes trabajaron r\u00e1pidamente para esclarecer el acontecimiento.<\/p>\n","protected":false},"excerpt":{"rendered":"<p>06\/01\/2023- Un individuo fue a Gomer\u00eda Gabriel para reclamar sobre el presunto robo de una moto. En este momento, uno<\/p>\n","protected":false},"author":8,"featured_media":13213,"comment_status":"open","ping_status":"closed","sticky":false,"template":"","format":"standard","meta":{"footnotes":""},"categories":[36],"tags":[],"class_list":["post-13212","post","type-post","status-publish","format-standard","has-post-thumbnail","hentry","category-policiales"],"_links":{"self":[{"href":"https:\/\/ecosdelsur.com\/index.php?rest_route=\/wp\/v2\/posts\/13212","targetHints":{"allow":["GET"]}}],"collection":[{"href":"https:\/\/ecosdelsur.com\/index.php?rest_route=\/wp\/v2\/posts"}],"about":[{"href":"https:\/\/ecosdelsur.com\/index.php?rest_route=\/wp\/v2\/types\/post"}],"author":[{"embeddable":true,"href":"https:\/\/ecosdelsur.com\/index.php?rest_route=\/wp\/v2\/users\/8"}],"replies":[{"embeddable":true,"href":"https:\/\/ecosdelsur.com\/index.php?rest_route=%2Fwp%2Fv2%2Fcomments&post=13212"}],"version-history":[{"count":0,"href":"https:\/\/ecosdelsur.com\/index.php?rest_route=\/wp\/v2\/posts\/13212\/revisions"}],"wp:featuredmedia":[{"embeddable":true,"href":"https:\/\/ecosdelsur.com\/index.php?rest_route=\/wp\/v2\/media\/13213"}],"wp:attachment":[{"href":"https:\/\/ecosdelsur.com\/index.php?rest_route=%2Fwp%2Fv2%2Fmedia&parent=13212"}],"wp:term":[{"taxonomy":"category","embeddable":true,"href":"https:\/\/ecosdelsur.com\/index.php?rest_route=%2Fwp%2Fv2%2Fcategories&post=13212"},{"taxonomy":"post_tag","embeddable":true,"href":"https:\/\/ecosdelsur.com\/index.php?rest_route=%2Fwp%2Fv2%2Ftags&post=13212"}],"curies":[{"name":"wp","href":"https:\/\/api.w.org\/{rel}","templated":true}]}}