{"id":13206,"date":"2024-01-07T06:24:43","date_gmt":"2024-01-07T06:24:43","guid":{"rendered":"https:\/\/ecosdelsur.com\/?p=13206"},"modified":"2024-01-07T06:24:43","modified_gmt":"2024-01-07T06:24:43","slug":"individuo-reclamo-en-una-gomeria-por-una-moto-robada-y-un-empleado-le-disparo-en-el-pecho","status":"publish","type":"post","link":"https:\/\/ecosdelsur.com\/?p=13206","title":{"rendered":"Individuo reclamo en una gomer\u00eda por una moto robada y un empleado le dispar\u00f3 en el pecho"},"content":{"rendered":"<p>06\/01\/2023- Ocurri\u00f3 en la localidad de Caleta Olivia. El individuo fue a Gomer\u00eda Gabriel para reclamar sobre el presunto robo de una moto. En este momento, uno de los empleados exhibi\u00f3 un arma de fuego y le dispar\u00f3 a la altura del pecho a la v\u00edctima.<img decoding=\"async\" class=\"alignnone size-full wp-image-13207 lazyload\" data-src=\"https:\/\/ecosdelsur.com\/wp-content\/uploads\/2024\/01\/WhatsApp-Image-2024-01-06-at-21.20.50.jpeg\" alt=\"\" width=\"854\" height=\"556\" data-srcset=\"https:\/\/ecosdelsur.com\/wp-content\/uploads\/2024\/01\/WhatsApp-Image-2024-01-06-at-21.20.50.jpeg 854w, https:\/\/ecosdelsur.com\/wp-content\/uploads\/2024\/01\/WhatsApp-Image-2024-01-06-at-21.20.50-300x195.jpeg 300w, https:\/\/ecosdelsur.com\/wp-content\/uploads\/2024\/01\/WhatsApp-Image-2024-01-06-at-21.20.50-768x500.jpeg 768w\" data-sizes=\"(max-width: 854px) 100vw, 854px\" src=\"data:image\/svg+xml;base64,PHN2ZyB3aWR0aD0iMSIgaGVpZ2h0PSIxIiB4bWxucz0iaHR0cDovL3d3dy53My5vcmcvMjAwMC9zdmciPjwvc3ZnPg==\" style=\"--smush-placeholder-width: 854px; --smush-placeholder-aspect-ratio: 854\/556;\" \/><\/p>\n<p>En horas de la tarde,\u00a0la Avenida G. Gregores al 500 de Caleta Olvia fue testigo de un incidente que involucr\u00f3 a la Gomer\u00eda Gabriel.<\/p>\n<p>El personal de la Divisi\u00f3n de Polic\u00eda Cient\u00edfica fue convocado por la Divisi\u00f3n Cria. 2da, Fines, para llevar a cabo una diligencia procesal de inspecci\u00f3n ocular en relaci\u00f3n con un incidente de lesiones por arma de fuego.<img decoding=\"async\" class=\"alignnone size-full wp-image-13209 lazyload\" data-src=\"https:\/\/ecosdelsur.com\/wp-content\/uploads\/2024\/01\/WhatsApp-Image-2024-01-06-at-21.20.52.jpeg\" alt=\"\" width=\"1024\" height=\"610\" data-srcset=\"https:\/\/ecosdelsur.com\/wp-content\/uploads\/2024\/01\/WhatsApp-Image-2024-01-06-at-21.20.52.jpeg 1024w, https:\/\/ecosdelsur.com\/wp-content\/uploads\/2024\/01\/WhatsApp-Image-2024-01-06-at-21.20.52-300x179.jpeg 300w, https:\/\/ecosdelsur.com\/wp-content\/uploads\/2024\/01\/WhatsApp-Image-2024-01-06-at-21.20.52-768x458.jpeg 768w\" data-sizes=\"(max-width: 1024px) 100vw, 1024px\" src=\"data:image\/svg+xml;base64,PHN2ZyB3aWR0aD0iMSIgaGVpZ2h0PSIxIiB4bWxucz0iaHR0cDovL3d3dy53My5vcmcvMjAwMC9zdmciPjwvc3ZnPg==\" style=\"--smush-placeholder-width: 1024px; --smush-placeholder-aspect-ratio: 1024\/610;\" \/><\/p>\n<p>Un hombre de 31 a\u00f1os, result\u00f3 lesionado mientras circulaba en un veh\u00edculo Chevrolet Corsa blanco, acompa\u00f1ado por tres individuos. Al parecer, descendieron frente a la Gomer\u00eda Gabriel para reclamar sobre el presunto robo de una moto. En este momento, uno de los empleados exhibi\u00f3 un arma de fuego, disparando a la altura del pecho de la v\u00edctima. El herido fue auxiliado por un familiar y trasladado al hospital, donde se encuentra fuera de peligro, esperando el alta m\u00e9dica.<\/p>\n<p>De acuerdo con testimonios se reportan dos disparos, uno intimidatorio dentro del local y el otro impactando en el cuerpo del ciudadano. En el lugar se localiz\u00f3 un arma de fuego que ser\u00e1 secuestrada. El veh\u00edculo en el que se movilizaba el herido presentaba manchas rojizas.<\/p>\n<div class=\"content-banner\"><\/div>\n<p>Personal de la Divisi\u00f3n de Investigaciones recolect\u00f3 material f\u00edlmico de las c\u00e1maras de seguridad de la gomer\u00eda para respaldar la informaci\u00f3n obtenida. Tres individuos de 21, 39 y 25 a\u00f1os, presentes en el local fueron trasladados a la Divisi\u00f3n Comisar\u00eda Segunda para su aprehensi\u00f3n. Adem\u00e1s, el posible autor del hecho, de 32 a\u00f1os, fue localizado y trasladado.<\/p>\n","protected":false},"excerpt":{"rendered":"<p>06\/01\/2023- Ocurri\u00f3 en la localidad de Caleta Olivia. El individuo fue a Gomer\u00eda Gabriel para reclamar sobre el presunto robo<\/p>\n","protected":false},"author":8,"featured_media":13208,"comment_status":"open","ping_status":"closed","sticky":false,"template":"","format":"standard","meta":{"footnotes":""},"categories":[36],"tags":[],"class_list":["post-13206","post","type-post","status-publish","format-standard","has-post-thumbnail","hentry","category-policiales"],"_links":{"self":[{"href":"https:\/\/ecosdelsur.com\/index.php?rest_route=\/wp\/v2\/posts\/13206","targetHints":{"allow":["GET"]}}],"collection":[{"href":"https:\/\/ecosdelsur.com\/index.php?rest_route=\/wp\/v2\/posts"}],"about":[{"href":"https:\/\/ecosdelsur.com\/index.php?rest_route=\/wp\/v2\/types\/post"}],"author":[{"embeddable":true,"href":"https:\/\/ecosdelsur.com\/index.php?rest_route=\/wp\/v2\/users\/8"}],"replies":[{"embeddable":true,"href":"https:\/\/ecosdelsur.com\/index.php?rest_route=%2Fwp%2Fv2%2Fcomments&post=13206"}],"version-history":[{"count":0,"href":"https:\/\/ecosdelsur.com\/index.php?rest_route=\/wp\/v2\/posts\/13206\/revisions"}],"wp:featuredmedia":[{"embeddable":true,"href":"https:\/\/ecosdelsur.com\/index.php?rest_route=\/wp\/v2\/media\/13208"}],"wp:attachment":[{"href":"https:\/\/ecosdelsur.com\/index.php?rest_route=%2Fwp%2Fv2%2Fmedia&parent=13206"}],"wp:term":[{"taxonomy":"category","embeddable":true,"href":"https:\/\/ecosdelsur.com\/index.php?rest_route=%2Fwp%2Fv2%2Fcategories&post=13206"},{"taxonomy":"post_tag","embeddable":true,"href":"https:\/\/ecosdelsur.com\/index.php?rest_route=%2Fwp%2Fv2%2Ftags&post=13206"}],"curies":[{"name":"wp","href":"https:\/\/api.w.org\/{rel}","templated":true}]}}