{"id":13202,"date":"2024-01-07T06:01:14","date_gmt":"2024-01-07T06:01:14","guid":{"rendered":"https:\/\/ecosdelsur.com\/?p=13202"},"modified":"2024-01-07T06:01:14","modified_gmt":"2024-01-07T06:01:14","slug":"ycrt-vidal-le-presento-la-propuesta-de-los-trabajadores-al-presidente-milei","status":"publish","type":"post","link":"https:\/\/ecosdelsur.com\/?p=13202","title":{"rendered":"YCRT: Vidal le present\u00f3 la propuesta de los trabajadores al presidente Milei"},"content":{"rendered":"<p>06\/01\/2023-El Gobernador recibi\u00f3 al Presidente en la escala previa de su viaje a la Ant\u00e1rtida. En una reuni\u00f3n a solas en la capital provincial, analizaron los principales ejes que preocupan a la provincia: la situaci\u00f3n de YCRT, la recuperaci\u00f3n de \u00e1reas de YPF, las reformas pesqueras y la crisis educativa. <img decoding=\"async\" class=\"alignnone size-large wp-image-13203 lazyload\" data-src=\"https:\/\/ecosdelsur.com\/wp-content\/uploads\/2024\/01\/416584933_916747603143744_7604365076075207099_n.jpg\" alt=\"\" width=\"800\" height=\"505\" data-srcset=\"https:\/\/ecosdelsur.com\/wp-content\/uploads\/2024\/01\/416584933_916747603143744_7604365076075207099_n.jpg 1024w, https:\/\/ecosdelsur.com\/wp-content\/uploads\/2024\/01\/416584933_916747603143744_7604365076075207099_n-300x190.jpg 300w, https:\/\/ecosdelsur.com\/wp-content\/uploads\/2024\/01\/416584933_916747603143744_7604365076075207099_n-768x485.jpg 768w\" data-sizes=\"(max-width: 800px) 100vw, 800px\" src=\"data:image\/svg+xml;base64,PHN2ZyB3aWR0aD0iMSIgaGVpZ2h0PSIxIiB4bWxucz0iaHR0cDovL3d3dy53My5vcmcvMjAwMC9zdmciPjwvc3ZnPg==\" style=\"--smush-placeholder-width: 800px; --smush-placeholder-aspect-ratio: 800\/505;\" \/><\/p>\n<div class=\"itemFullText\">\n<p>El gobernador de la provincia de Santa Cruz, Claudio Vidal, recibi\u00f3 al presidente de la Naci\u00f3n en R\u00edo Gallegos, en la escala previa de su viaje a la Ant\u00e1rtida.<\/p>\n<p>Javier Milei recibi\u00f3 de manos del mandatario santacruce\u00f1o la propuesta de los trabajadores para recuperar el yacimiento de carb\u00f3n de R\u00edo Turbio. Respecto de YCRT, Vidal expuso las propuestas de trabajo atado a la productividad y la necesidad de exportar valor agregado. El d\u00eda anterior, el gobernador se hab\u00eda comunicado con los ministros para llevar el mismo reclamo.<\/p>\n<p>La charla se desarroll\u00f3 en un sal\u00f3n del hotel donde pasar\u00e1 la noche el presidente, quien expres\u00f3 al gobernador que analizar\u00e1, adem\u00e1s de YCRT, las inquietudes respecto de las consecuencias que para la industria pesquera, tendr\u00e1n las reformas incluidas en el proyecto de ley \u00f3mnibus presentado en el Congreso de la Naci\u00f3n. \u201cVamos a analizar las demandas de los gobernadores patag\u00f3nicos\u201d asegur\u00f3 el presidente, cuando recibi\u00f3 la carpeta ofrecida por el gobernador.<\/p>\n<p>Junto a Vidal, estaba el vicegobernador Fabi\u00e1n Leguizam\u00f3n y el Jefe de Gabinete, Daniel \u00c1lvarez. Milei, por su parte, fue acompa\u00f1ado por el ministro del Interior, Guillermo Francos.<\/p>\n<p>En cuanto a YPF, Claudio Vidal reiter\u00f3 su demanda de recuperaci\u00f3n de pozos inactivos, que la operadora estatal mantiene en el norte de la provincia. Santa Cruz reclama la devoluci\u00f3n de esos pozos para que sean concedidos a empresas peque\u00f1as locales, que podr\u00e1n explotarlos generando mayor renta y mano de obra local. Vidal reiter\u00f3 que est\u00e1n abiertas las puertas de esa negociaci\u00f3n y dej\u00f3 en manos del ministro del Interior, el v\u00ednculo con la empresa estatal.<\/p>\n<p>La crisis educativa fue uno de los puntos m\u00e1s importantes abordados por el mandatario santacruce\u00f1o. Respecto de ello, el presidente escuch\u00f3 el diagn\u00f3stico de la crisis que atraviesa la educaci\u00f3n en la provincia, la escasa infraestructura, el impacto del clima durante el per\u00edodo invernal que afecta el normal dictado de clases y un presupuesto \u201cdevastado por las malas pol\u00edticas del kirchnerismo, que abandon\u00f3 a los pibes de la provincia\u201d.<\/p>\n<\/div>\n","protected":false},"excerpt":{"rendered":"<p>06\/01\/2023-El Gobernador recibi\u00f3 al Presidente en la escala previa de su viaje a la Ant\u00e1rtida. En una reuni\u00f3n a solas<\/p>\n","protected":false},"author":8,"featured_media":13094,"comment_status":"open","ping_status":"closed","sticky":false,"template":"","format":"standard","meta":{"footnotes":""},"categories":[33],"tags":[],"class_list":["post-13202","post","type-post","status-publish","format-standard","has-post-thumbnail","hentry","category-politica"],"_links":{"self":[{"href":"https:\/\/ecosdelsur.com\/index.php?rest_route=\/wp\/v2\/posts\/13202","targetHints":{"allow":["GET"]}}],"collection":[{"href":"https:\/\/ecosdelsur.com\/index.php?rest_route=\/wp\/v2\/posts"}],"about":[{"href":"https:\/\/ecosdelsur.com\/index.php?rest_route=\/wp\/v2\/types\/post"}],"author":[{"embeddable":true,"href":"https:\/\/ecosdelsur.com\/index.php?rest_route=\/wp\/v2\/users\/8"}],"replies":[{"embeddable":true,"href":"https:\/\/ecosdelsur.com\/index.php?rest_route=%2Fwp%2Fv2%2Fcomments&post=13202"}],"version-history":[{"count":0,"href":"https:\/\/ecosdelsur.com\/index.php?rest_route=\/wp\/v2\/posts\/13202\/revisions"}],"wp:featuredmedia":[{"embeddable":true,"href":"https:\/\/ecosdelsur.com\/index.php?rest_route=\/wp\/v2\/media\/13094"}],"wp:attachment":[{"href":"https:\/\/ecosdelsur.com\/index.php?rest_route=%2Fwp%2Fv2%2Fmedia&parent=13202"}],"wp:term":[{"taxonomy":"category","embeddable":true,"href":"https:\/\/ecosdelsur.com\/index.php?rest_route=%2Fwp%2Fv2%2Fcategories&post=13202"},{"taxonomy":"post_tag","embeddable":true,"href":"https:\/\/ecosdelsur.com\/index.php?rest_route=%2Fwp%2Fv2%2Ftags&post=13202"}],"curies":[{"name":"wp","href":"https:\/\/api.w.org\/{rel}","templated":true}]}}