{"id":13186,"date":"2024-01-06T19:10:14","date_gmt":"2024-01-06T19:10:14","guid":{"rendered":"https:\/\/ecosdelsur.com\/?p=13186"},"modified":"2024-01-06T19:10:34","modified_gmt":"2024-01-06T19:10:34","slug":"caleta-olivia-reacondicionamiento-del-corralon-de-transito-municipal","status":"publish","type":"post","link":"https:\/\/ecosdelsur.com\/?p=13186","title":{"rendered":"Caleta Olivia: Reacondicionamiento del corral\u00f3n de tr\u00e1nsito municipal"},"content":{"rendered":"<p>06\/01\/2023- El predio de grandes dimensiones, ubicado en el barrio Industrial, se encontraba en condiciones que no eran las mejores, por ello se trabaja en la optimizaci\u00f3n del espacio.<img decoding=\"async\" class=\"alignnone size-full wp-image-13187 lazyload\" data-src=\"https:\/\/ecosdelsur.com\/wp-content\/uploads\/2024\/01\/WhatsApp-Image-2024-01-06-at-11.09.00.jpeg\" alt=\"\" width=\"800\" height=\"450\" data-srcset=\"https:\/\/ecosdelsur.com\/wp-content\/uploads\/2024\/01\/WhatsApp-Image-2024-01-06-at-11.09.00.jpeg 800w, https:\/\/ecosdelsur.com\/wp-content\/uploads\/2024\/01\/WhatsApp-Image-2024-01-06-at-11.09.00-300x169.jpeg 300w, https:\/\/ecosdelsur.com\/wp-content\/uploads\/2024\/01\/WhatsApp-Image-2024-01-06-at-11.09.00-768x432.jpeg 768w\" data-sizes=\"(max-width: 800px) 100vw, 800px\" src=\"data:image\/svg+xml;base64,PHN2ZyB3aWR0aD0iMSIgaGVpZ2h0PSIxIiB4bWxucz0iaHR0cDovL3d3dy53My5vcmcvMjAwMC9zdmciPjwvc3ZnPg==\" style=\"--smush-placeholder-width: 800px; --smush-placeholder-aspect-ratio: 800\/450;\" \/><\/p>\n<p>El secretario de Gobierno Pablo Ju\u00e1rez, explic\u00f3 que se est\u00e1n realizando las tareas de montaje de iluminaci\u00f3n y el acondicionamiento del circuito de c\u00e1maras internas con monitoreo permanente durante las 24 horas del d\u00eda.<\/p>\n<p>Respecto a la funci\u00f3n que cumple el espacio, Ju\u00e1rez detall\u00f3 que all\u00ed se encuentran alojados los veh\u00edculos secuestrados producto de alguna infracci\u00f3n de tr\u00e1nsito.<\/p>\n<p>Teniendo en cuenta la amplitud del predio, y la cantidad de veh\u00edculos, el Secretario de Gobierno puntualiz\u00f3: \u201cTenemos alrededor de 100 veh\u00edculos, algunos de manera permanente desde hace muchos a\u00f1os y algunos de secuestros recientes y siempre hay recambios los fines de semana, con los veh\u00edculos que ingresan producto de los operativos que estamos realizando los fines de semana\u201d.<\/p>\n<p>Sobre los veh\u00edculos que se encuentran alojados hace muchos a\u00f1os, se pretende reacondicionarlos y poder generar una alternativa para que se reactiven, logrando as\u00ed m\u00e1s espacio, permitiendo tambi\u00e9n mejores condiciones para maniobrar dentro del terreno.<\/p>\n","protected":false},"excerpt":{"rendered":"<p>06\/01\/2023- El predio de grandes dimensiones, ubicado en el barrio Industrial, se encontraba en condiciones que no eran las mejores,<\/p>\n","protected":false},"author":8,"featured_media":13187,"comment_status":"open","ping_status":"closed","sticky":false,"template":"","format":"standard","meta":{"footnotes":""},"categories":[40],"tags":[],"class_list":["post-13186","post","type-post","status-publish","format-standard","has-post-thumbnail","hentry","category-municipales"],"_links":{"self":[{"href":"https:\/\/ecosdelsur.com\/index.php?rest_route=\/wp\/v2\/posts\/13186","targetHints":{"allow":["GET"]}}],"collection":[{"href":"https:\/\/ecosdelsur.com\/index.php?rest_route=\/wp\/v2\/posts"}],"about":[{"href":"https:\/\/ecosdelsur.com\/index.php?rest_route=\/wp\/v2\/types\/post"}],"author":[{"embeddable":true,"href":"https:\/\/ecosdelsur.com\/index.php?rest_route=\/wp\/v2\/users\/8"}],"replies":[{"embeddable":true,"href":"https:\/\/ecosdelsur.com\/index.php?rest_route=%2Fwp%2Fv2%2Fcomments&post=13186"}],"version-history":[{"count":0,"href":"https:\/\/ecosdelsur.com\/index.php?rest_route=\/wp\/v2\/posts\/13186\/revisions"}],"wp:featuredmedia":[{"embeddable":true,"href":"https:\/\/ecosdelsur.com\/index.php?rest_route=\/wp\/v2\/media\/13187"}],"wp:attachment":[{"href":"https:\/\/ecosdelsur.com\/index.php?rest_route=%2Fwp%2Fv2%2Fmedia&parent=13186"}],"wp:term":[{"taxonomy":"category","embeddable":true,"href":"https:\/\/ecosdelsur.com\/index.php?rest_route=%2Fwp%2Fv2%2Fcategories&post=13186"},{"taxonomy":"post_tag","embeddable":true,"href":"https:\/\/ecosdelsur.com\/index.php?rest_route=%2Fwp%2Fv2%2Ftags&post=13186"}],"curies":[{"name":"wp","href":"https:\/\/api.w.org\/{rel}","templated":true}]}}