{"id":1317,"date":"2023-05-13T04:33:49","date_gmt":"2023-05-13T04:33:49","guid":{"rendered":"https:\/\/ecosdelsur.com\/?p=1317"},"modified":"2023-05-13T04:33:54","modified_gmt":"2023-05-13T04:33:54","slug":"gestionan-dispositivos-de-seguridad-publica-para-perito-moreno","status":"publish","type":"post","link":"https:\/\/ecosdelsur.com\/?p=1317","title":{"rendered":"Gestionan dispositivos de seguridad p\u00fablica para Perito Moreno"},"content":{"rendered":"<p>Este jueves, el diputado por el Pueblo de Perito Moreno, Guillermo Bilardo, se reuni\u00f3 con el ministro de Seguridad, Luca Pratti, con el objetivo de realizar gestiones para esa comunidad del noroeste de Santa Cruz.<\/p>\n<p>All\u00ed, el diputado del Frente de Todos \u2013 Partido Justicialista, analiz\u00f3 junto al funcionario provincial el crecimiento demogr\u00e1fico de la localidad que representa, y en base a ello, la necesidad de fortalecer el servicio de seguridad p\u00fablica, con la posibilidad de la incorporaci\u00f3n de patrulleros, como as\u00ed tambi\u00e9n de un Centro de Monitoreo.<\/p>\n<p>Al respecto, Bilardo se\u00f1al\u00f3 que \u201cesta es una de las principales inquietudes de los vecinos de Perito, y la gesti\u00f3n que realizamos fue en el sentido de poder atenderlas en torno al crecimiento poblacional, buscando poder incorporar mayor cantidad de veh\u00edculos para el desarrollo de tareas de control de nuestra Polic\u00eda, y sumar el Centro de Monitoreo, que ya funciona en otras localidades\u201d.<\/p>\n<p>Finalmente, se\u00f1al\u00f3 que \u201cagradezco la predisposici\u00f3n del Ministerio, y estoy seguro que vamos a alcanzar estos objetivos, teniendo en cuenta las zonas que necesitan mayor presencia y prevenci\u00f3n\u201d.<\/p>\n","protected":false},"excerpt":{"rendered":"<p>Este jueves, el diputado por el Pueblo de Perito Moreno, Guillermo Bilardo, se reuni\u00f3 con el ministro de Seguridad, Luca<\/p>\n","protected":false},"author":8,"featured_media":1318,"comment_status":"open","ping_status":"closed","sticky":false,"template":"","format":"standard","meta":{"footnotes":""},"categories":[33],"tags":[],"class_list":["post-1317","post","type-post","status-publish","format-standard","has-post-thumbnail","hentry","category-politica"],"_links":{"self":[{"href":"https:\/\/ecosdelsur.com\/index.php?rest_route=\/wp\/v2\/posts\/1317","targetHints":{"allow":["GET"]}}],"collection":[{"href":"https:\/\/ecosdelsur.com\/index.php?rest_route=\/wp\/v2\/posts"}],"about":[{"href":"https:\/\/ecosdelsur.com\/index.php?rest_route=\/wp\/v2\/types\/post"}],"author":[{"embeddable":true,"href":"https:\/\/ecosdelsur.com\/index.php?rest_route=\/wp\/v2\/users\/8"}],"replies":[{"embeddable":true,"href":"https:\/\/ecosdelsur.com\/index.php?rest_route=%2Fwp%2Fv2%2Fcomments&post=1317"}],"version-history":[{"count":0,"href":"https:\/\/ecosdelsur.com\/index.php?rest_route=\/wp\/v2\/posts\/1317\/revisions"}],"wp:featuredmedia":[{"embeddable":true,"href":"https:\/\/ecosdelsur.com\/index.php?rest_route=\/wp\/v2\/media\/1318"}],"wp:attachment":[{"href":"https:\/\/ecosdelsur.com\/index.php?rest_route=%2Fwp%2Fv2%2Fmedia&parent=1317"}],"wp:term":[{"taxonomy":"category","embeddable":true,"href":"https:\/\/ecosdelsur.com\/index.php?rest_route=%2Fwp%2Fv2%2Fcategories&post=1317"},{"taxonomy":"post_tag","embeddable":true,"href":"https:\/\/ecosdelsur.com\/index.php?rest_route=%2Fwp%2Fv2%2Ftags&post=1317"}],"curies":[{"name":"wp","href":"https:\/\/api.w.org\/{rel}","templated":true}]}}