{"id":13167,"date":"2024-01-06T18:24:22","date_gmt":"2024-01-06T18:24:22","guid":{"rendered":"https:\/\/ecosdelsur.com\/?p=13167"},"modified":"2024-01-06T18:39:53","modified_gmt":"2024-01-06T18:39:53","slug":"en-el-centro-cultural-epicentro-de-la-entrega-de-los-premios-de-la-liga-de-futbol-norte-de-santa-cruz","status":"publish","type":"post","link":"https:\/\/ecosdelsur.com\/?p=13167","title":{"rendered":"En el Centro Cultural epicentro de la entrega de los premios de la Liga de F\u00fatbol Norte de Santa Cruz"},"content":{"rendered":"<p>06\/01\/2023- Con la presencia del subsecretario de deportes de la Municipalidad de Caleta Olivia, Alejandro Maman\u00ed, acompa\u00f1\u00f3 la entrega de trofeos a los campeones, subcampeones, vallas menos vencidas y goleadores del Torneo Clausura de la Liga de F\u00fatbol Norte de Santa Cruz.<img decoding=\"async\" class=\"alignnone size-full wp-image-13168 lazyload\" data-src=\"https:\/\/ecosdelsur.com\/wp-content\/uploads\/2024\/01\/DSC_4557.jpg\" alt=\"\" width=\"800\" height=\"476\" data-srcset=\"https:\/\/ecosdelsur.com\/wp-content\/uploads\/2024\/01\/DSC_4557.jpg 800w, https:\/\/ecosdelsur.com\/wp-content\/uploads\/2024\/01\/DSC_4557-300x179.jpg 300w, https:\/\/ecosdelsur.com\/wp-content\/uploads\/2024\/01\/DSC_4557-768x457.jpg 768w\" data-sizes=\"(max-width: 800px) 100vw, 800px\" src=\"data:image\/svg+xml;base64,PHN2ZyB3aWR0aD0iMSIgaGVpZ2h0PSIxIiB4bWxucz0iaHR0cDovL3d3dy53My5vcmcvMjAwMC9zdmciPjwvc3ZnPg==\" style=\"--smush-placeholder-width: 800px; --smush-placeholder-aspect-ratio: 800\/476;\" \/><\/p>\n<p>En primera instancia se realiz\u00f3 un minuto de silencio en reconocimiento a Miguel Orellana, un hombre vinculado al f\u00fatbol de la Liga Norte que falleci\u00f3 durante la pandemia y cuyo torneo llev\u00f3 su nombre en homenaje.<img decoding=\"async\" class=\"alignnone size-full wp-image-13170 lazyload\" data-src=\"https:\/\/ecosdelsur.com\/wp-content\/uploads\/2024\/01\/DSC_4598.jpg\" alt=\"\" width=\"800\" height=\"473\" data-srcset=\"https:\/\/ecosdelsur.com\/wp-content\/uploads\/2024\/01\/DSC_4598.jpg 800w, https:\/\/ecosdelsur.com\/wp-content\/uploads\/2024\/01\/DSC_4598-300x177.jpg 300w, https:\/\/ecosdelsur.com\/wp-content\/uploads\/2024\/01\/DSC_4598-768x454.jpg 768w\" data-sizes=\"(max-width: 800px) 100vw, 800px\" src=\"data:image\/svg+xml;base64,PHN2ZyB3aWR0aD0iMSIgaGVpZ2h0PSIxIiB4bWxucz0iaHR0cDovL3d3dy53My5vcmcvMjAwMC9zdmciPjwvc3ZnPg==\" style=\"--smush-placeholder-width: 800px; --smush-placeholder-aspect-ratio: 800\/473;\" \/><\/p>\n<p>En su alocuci\u00f3n, el subsecretario destac\u00f3 el acompa\u00f1amiento de las familias no s\u00f3lo en la entrega de premios, sino tambi\u00e9n cada fin d esemana en las canchas donde se disputan los partidos.<img decoding=\"async\" class=\"alignnone size-full wp-image-13171 lazyload\" data-src=\"https:\/\/ecosdelsur.com\/wp-content\/uploads\/2024\/01\/DSC_4613.jpg\" alt=\"\" width=\"800\" height=\"468\" data-srcset=\"https:\/\/ecosdelsur.com\/wp-content\/uploads\/2024\/01\/DSC_4613.jpg 800w, https:\/\/ecosdelsur.com\/wp-content\/uploads\/2024\/01\/DSC_4613-300x176.jpg 300w, https:\/\/ecosdelsur.com\/wp-content\/uploads\/2024\/01\/DSC_4613-768x449.jpg 768w\" data-sizes=\"(max-width: 800px) 100vw, 800px\" src=\"data:image\/svg+xml;base64,PHN2ZyB3aWR0aD0iMSIgaGVpZ2h0PSIxIiB4bWxucz0iaHR0cDovL3d3dy53My5vcmcvMjAwMC9zdmciPjwvc3ZnPg==\" style=\"--smush-placeholder-width: 800px; --smush-placeholder-aspect-ratio: 800\/468;\" \/><\/p>\n<p>El presidente de la entidad, Ra\u00fal Varas, explic\u00f3 que se realiz\u00f3 la entrega de trofeos al femenino en primera divisi\u00f3n y al masculino desde la octava divisi\u00f3n hasta categor\u00eda m\u00e1s alta. \u201cYa es el tercer a\u00f1o que realizamos la entrega de trofeos y esperamos poder este a\u00f1o implementar tambi\u00e9n la entrega de medallas para todos los jugadores\u201d, anticip\u00f3<img decoding=\"async\" class=\"alignnone size-full wp-image-13173 lazyload\" data-src=\"https:\/\/ecosdelsur.com\/wp-content\/uploads\/2024\/01\/DSC_4660.jpg\" alt=\"\" width=\"800\" height=\"461\" data-srcset=\"https:\/\/ecosdelsur.com\/wp-content\/uploads\/2024\/01\/DSC_4660.jpg 800w, https:\/\/ecosdelsur.com\/wp-content\/uploads\/2024\/01\/DSC_4660-300x173.jpg 300w, https:\/\/ecosdelsur.com\/wp-content\/uploads\/2024\/01\/DSC_4660-768x443.jpg 768w\" data-sizes=\"(max-width: 800px) 100vw, 800px\" src=\"data:image\/svg+xml;base64,PHN2ZyB3aWR0aD0iMSIgaGVpZ2h0PSIxIiB4bWxucz0iaHR0cDovL3d3dy53My5vcmcvMjAwMC9zdmciPjwvc3ZnPg==\" style=\"--smush-placeholder-width: 800px; --smush-placeholder-aspect-ratio: 800\/461;\" \/><\/p>\n<p>Vale destacar tambi\u00e9n que en un trabajo en conjunto entre la Municipalidad y la liga, se pudo utilizar el Estadio Municipal \u201cJuan Domingo Per\u00f3n\u201d para la disputa de uno o dos partidos por cada fecha.<img decoding=\"async\" class=\"alignnone size-full wp-image-13172 lazyload\" data-src=\"https:\/\/ecosdelsur.com\/wp-content\/uploads\/2024\/01\/DSC_4632.jpg\" alt=\"\" width=\"800\" height=\"468\" data-srcset=\"https:\/\/ecosdelsur.com\/wp-content\/uploads\/2024\/01\/DSC_4632.jpg 800w, https:\/\/ecosdelsur.com\/wp-content\/uploads\/2024\/01\/DSC_4632-300x176.jpg 300w, https:\/\/ecosdelsur.com\/wp-content\/uploads\/2024\/01\/DSC_4632-768x449.jpg 768w\" data-sizes=\"(max-width: 800px) 100vw, 800px\" src=\"data:image\/svg+xml;base64,PHN2ZyB3aWR0aD0iMSIgaGVpZ2h0PSIxIiB4bWxucz0iaHR0cDovL3d3dy53My5vcmcvMjAwMC9zdmciPjwvc3ZnPg==\" style=\"--smush-placeholder-width: 800px; --smush-placeholder-aspect-ratio: 800\/468;\" \/><\/p>\n<p>Las jugadoras del club Talleres se consagraron bicampeonas al conseguir la coronaci\u00f3n del torneo apertura y del clausura, logro que les permite ser las representantes de la ciudad en el Federal femenino. \u201cEl deporte femenino es muy dif\u00edcil porque nos cuesta mucho entrenar, juntar a todo el plantel, por los hijos, la casa y el trabajo, por eso es que el esfuerzo es doble y el logro tambi\u00e9n\u201d, expres\u00f3 la futbolista Ayel\u00e9n Navarrete.<img decoding=\"async\" class=\"alignnone size-full wp-image-13169 lazyload\" data-src=\"https:\/\/ecosdelsur.com\/wp-content\/uploads\/2024\/01\/DSC_4584.jpg\" alt=\"\" width=\"800\" height=\"447\" data-srcset=\"https:\/\/ecosdelsur.com\/wp-content\/uploads\/2024\/01\/DSC_4584.jpg 800w, https:\/\/ecosdelsur.com\/wp-content\/uploads\/2024\/01\/DSC_4584-300x168.jpg 300w, https:\/\/ecosdelsur.com\/wp-content\/uploads\/2024\/01\/DSC_4584-768x429.jpg 768w\" data-sizes=\"(max-width: 800px) 100vw, 800px\" src=\"data:image\/svg+xml;base64,PHN2ZyB3aWR0aD0iMSIgaGVpZ2h0PSIxIiB4bWxucz0iaHR0cDovL3d3dy53My5vcmcvMjAwMC9zdmciPjwvc3ZnPg==\" style=\"--smush-placeholder-width: 800px; --smush-placeholder-aspect-ratio: 800\/447;\" \/><\/p>\n<p>Estuvieron presentes tambi\u00e9n los jugadores de la primera divisi\u00f3n de Camioneros que se consagraron campeones del \u00faltimo torneo del a\u00f1o.<\/p>\n","protected":false},"excerpt":{"rendered":"<p>06\/01\/2023- Con la presencia del subsecretario de deportes de la Municipalidad de Caleta Olivia, Alejandro Maman\u00ed, acompa\u00f1\u00f3 la entrega de<\/p>\n","protected":false},"author":8,"featured_media":13174,"comment_status":"open","ping_status":"closed","sticky":false,"template":"","format":"standard","meta":{"footnotes":""},"categories":[37],"tags":[],"class_list":["post-13167","post","type-post","status-publish","format-standard","has-post-thumbnail","hentry","category-deportes"],"_links":{"self":[{"href":"https:\/\/ecosdelsur.com\/index.php?rest_route=\/wp\/v2\/posts\/13167","targetHints":{"allow":["GET"]}}],"collection":[{"href":"https:\/\/ecosdelsur.com\/index.php?rest_route=\/wp\/v2\/posts"}],"about":[{"href":"https:\/\/ecosdelsur.com\/index.php?rest_route=\/wp\/v2\/types\/post"}],"author":[{"embeddable":true,"href":"https:\/\/ecosdelsur.com\/index.php?rest_route=\/wp\/v2\/users\/8"}],"replies":[{"embeddable":true,"href":"https:\/\/ecosdelsur.com\/index.php?rest_route=%2Fwp%2Fv2%2Fcomments&post=13167"}],"version-history":[{"count":0,"href":"https:\/\/ecosdelsur.com\/index.php?rest_route=\/wp\/v2\/posts\/13167\/revisions"}],"wp:featuredmedia":[{"embeddable":true,"href":"https:\/\/ecosdelsur.com\/index.php?rest_route=\/wp\/v2\/media\/13174"}],"wp:attachment":[{"href":"https:\/\/ecosdelsur.com\/index.php?rest_route=%2Fwp%2Fv2%2Fmedia&parent=13167"}],"wp:term":[{"taxonomy":"category","embeddable":true,"href":"https:\/\/ecosdelsur.com\/index.php?rest_route=%2Fwp%2Fv2%2Fcategories&post=13167"},{"taxonomy":"post_tag","embeddable":true,"href":"https:\/\/ecosdelsur.com\/index.php?rest_route=%2Fwp%2Fv2%2Ftags&post=13167"}],"curies":[{"name":"wp","href":"https:\/\/api.w.org\/{rel}","templated":true}]}}