{"id":13154,"date":"2024-01-06T17:46:17","date_gmt":"2024-01-06T17:46:17","guid":{"rendered":"https:\/\/ecosdelsur.com\/?p=13154"},"modified":"2024-01-06T17:48:08","modified_gmt":"2024-01-06T17:48:08","slug":"david-jones-con-las-ferias-antes-no-habia-un-control-que-regule-la-actividad","status":"publish","type":"post","link":"https:\/\/ecosdelsur.com\/?p=13154","title":{"rendered":"David Jones: \u201cCon las ferias antes no hab\u00eda un control que regule la actividad\u201d"},"content":{"rendered":"<p>06\/01\/2023- El secretario de Deportes y Cultura David Jones se expres\u00f3 sobre los resultados de la reuni\u00f3n realizada con feriantes en el programa A contra reloj emitido por FM Municipio.<img decoding=\"async\" class=\"alignnone size-full wp-image-13157 lazyload\" data-src=\"https:\/\/ecosdelsur.com\/wp-content\/uploads\/2024\/01\/DSC_4531.jpg\" alt=\"\" width=\"800\" height=\"452\" data-srcset=\"https:\/\/ecosdelsur.com\/wp-content\/uploads\/2024\/01\/DSC_4531.jpg 800w, https:\/\/ecosdelsur.com\/wp-content\/uploads\/2024\/01\/DSC_4531-300x170.jpg 300w, https:\/\/ecosdelsur.com\/wp-content\/uploads\/2024\/01\/DSC_4531-768x434.jpg 768w\" data-sizes=\"(max-width: 800px) 100vw, 800px\" src=\"data:image\/svg+xml;base64,PHN2ZyB3aWR0aD0iMSIgaGVpZ2h0PSIxIiB4bWxucz0iaHR0cDovL3d3dy53My5vcmcvMjAwMC9zdmciPjwvc3ZnPg==\" style=\"--smush-placeholder-width: 800px; --smush-placeholder-aspect-ratio: 800\/452;\" \/><br \/>\nM\u00e1s de 200 vendedores respondieron a la convocatoria para buscar una nueva modalidad de trabajo. Si bien hubo momentos de tensi\u00f3n, se pudo arribar a un acuerdo. Se determin\u00f3 que los feriantes podr\u00e1n seguir cada fin de semana con sus ferias en uniones vecinales y otros espacios.<img decoding=\"async\" class=\"alignnone size-full wp-image-13159 lazyload\" data-src=\"https:\/\/ecosdelsur.com\/wp-content\/uploads\/2024\/01\/DSC_4542.jpg\" alt=\"\" width=\"800\" height=\"469\" data-srcset=\"https:\/\/ecosdelsur.com\/wp-content\/uploads\/2024\/01\/DSC_4542.jpg 800w, https:\/\/ecosdelsur.com\/wp-content\/uploads\/2024\/01\/DSC_4542-300x176.jpg 300w, https:\/\/ecosdelsur.com\/wp-content\/uploads\/2024\/01\/DSC_4542-768x450.jpg 768w\" data-sizes=\"(max-width: 800px) 100vw, 800px\" src=\"data:image\/svg+xml;base64,PHN2ZyB3aWR0aD0iMSIgaGVpZ2h0PSIxIiB4bWxucz0iaHR0cDovL3d3dy53My5vcmcvMjAwMC9zdmciPjwvc3ZnPg==\" style=\"--smush-placeholder-width: 800px; --smush-placeholder-aspect-ratio: 800\/469;\" \/><br \/>\nEl empadronamiento permitir\u00e1 acceder a un carnet habilitante. Antes no hab\u00eda un control que regule la actividad y alquilaban espacios para hacer las ferias.<br \/>\nJones inform\u00f3 que el Gimnasio Mosconi se destinar\u00e1 exclusivamente a actividades deportivas. \u201cLas cosas claras, el di\u00e1logo y el trabajar para adelante es lo importante.<img decoding=\"async\" class=\"alignnone size-full wp-image-13156 lazyload\" data-src=\"https:\/\/ecosdelsur.com\/wp-content\/uploads\/2024\/01\/DSC_4498.jpg\" alt=\"\" width=\"800\" height=\"472\" data-srcset=\"https:\/\/ecosdelsur.com\/wp-content\/uploads\/2024\/01\/DSC_4498.jpg 800w, https:\/\/ecosdelsur.com\/wp-content\/uploads\/2024\/01\/DSC_4498-300x177.jpg 300w, https:\/\/ecosdelsur.com\/wp-content\/uploads\/2024\/01\/DSC_4498-768x453.jpg 768w\" data-sizes=\"(max-width: 800px) 100vw, 800px\" src=\"data:image\/svg+xml;base64,PHN2ZyB3aWR0aD0iMSIgaGVpZ2h0PSIxIiB4bWxucz0iaHR0cDovL3d3dy53My5vcmcvMjAwMC9zdmciPjwvc3ZnPg==\" style=\"--smush-placeholder-width: 800px; --smush-placeholder-aspect-ratio: 800\/472;\" \/><\/p>\n<p>Que ellos tambi\u00e9n entiendan que queremos ayudar y aportar\u201d, afirm\u00f3.<br \/>\nEn este medio, adelant\u00f3 que a futuro se utilizar\u00e1 el predio de ENARSA, lugar que estuvo abandonado por a\u00f1os y que ser\u00eda refaccionado para el invierno.<br \/>\nAl referirse al estado general de los gimnasios municipales, habl\u00f3 de desidia: \u201cEs lamentable c\u00f3mo est\u00e1n los gimnasios. Ya ven\u00edamos con el equipo de trabajo viendo que llueven, no hubo una proyecci\u00f3n de poder arreglarlos y tenerlos en condiciones. Yo toda la vida jugu\u00e9 al f\u00fatbol y en su momento no ten\u00eda un instructor y s\u00f3lo sal\u00ed adelante\u201d.<br \/>\n\u201cHay que empezar de nuevo. No podemos tener ba\u00f1os destruidos y sin agua, en el 2 de Abril hac\u00eda a\u00f1os que no ten\u00edan agua caliente.\u201d<\/p>\n<p>Colonias de Verano<\/p>\n<p>El subsecretario de deportes Alejandro Mamani acompa\u00f1\u00f3 a Jones en la entrevista y dio su visi\u00f3n sobre estos primeros d\u00edas de colonias para ni\u00f1os: \u201cNos ha acompa\u00f1ado el clima para hacer actividades dentro de los gimnasios y salir a otros espacios al aire libre\u201d, remarc\u00f3.<\/p>\n<p>En tanto la colonia de adultos mayores comenzar\u00e1 el 15 de enero y en la pileta de nataci\u00f3n del Complejo Deportivo ya se dan clases de aquagym. A esto se suman las actividades para la tercera edad deportivas y recreativas que se realizan en el Gimnasio Mosconi.<br \/>\nJunto a Claudia Jones, Omar Funes y Carla Tevez forman el equipo de trabajo de la Secretar\u00eda de Deportes: \u201cQueremos gimnasios llenos de chicos haciendo deportes, con actividades de la Municipalidad y de clubes.<br \/>\nCada cosa en su lugar, los gimnasios deben utilizarse para Deportes\u201d, expres\u00f3.<\/p>\n<p>Al aspecto edilicio y de recursos humanos del sector \u201cLe estamos dando la importancia necesaria. Primero que la gente trabaje c\u00f3moda, sea escuchada y podamos realzar el trabajo que realizan\u201d.<\/p>\n","protected":false},"excerpt":{"rendered":"<p>06\/01\/2023- El secretario de Deportes y Cultura David Jones se expres\u00f3 sobre los resultados de la reuni\u00f3n realizada con feriantes<\/p>\n","protected":false},"author":8,"featured_media":13158,"comment_status":"open","ping_status":"closed","sticky":false,"template":"","format":"standard","meta":{"footnotes":""},"categories":[34],"tags":[],"class_list":["post-13154","post","type-post","status-publish","format-standard","has-post-thumbnail","hentry","category-economia"],"_links":{"self":[{"href":"https:\/\/ecosdelsur.com\/index.php?rest_route=\/wp\/v2\/posts\/13154","targetHints":{"allow":["GET"]}}],"collection":[{"href":"https:\/\/ecosdelsur.com\/index.php?rest_route=\/wp\/v2\/posts"}],"about":[{"href":"https:\/\/ecosdelsur.com\/index.php?rest_route=\/wp\/v2\/types\/post"}],"author":[{"embeddable":true,"href":"https:\/\/ecosdelsur.com\/index.php?rest_route=\/wp\/v2\/users\/8"}],"replies":[{"embeddable":true,"href":"https:\/\/ecosdelsur.com\/index.php?rest_route=%2Fwp%2Fv2%2Fcomments&post=13154"}],"version-history":[{"count":0,"href":"https:\/\/ecosdelsur.com\/index.php?rest_route=\/wp\/v2\/posts\/13154\/revisions"}],"wp:featuredmedia":[{"embeddable":true,"href":"https:\/\/ecosdelsur.com\/index.php?rest_route=\/wp\/v2\/media\/13158"}],"wp:attachment":[{"href":"https:\/\/ecosdelsur.com\/index.php?rest_route=%2Fwp%2Fv2%2Fmedia&parent=13154"}],"wp:term":[{"taxonomy":"category","embeddable":true,"href":"https:\/\/ecosdelsur.com\/index.php?rest_route=%2Fwp%2Fv2%2Fcategories&post=13154"},{"taxonomy":"post_tag","embeddable":true,"href":"https:\/\/ecosdelsur.com\/index.php?rest_route=%2Fwp%2Fv2%2Ftags&post=13154"}],"curies":[{"name":"wp","href":"https:\/\/api.w.org\/{rel}","templated":true}]}}