{"id":1314,"date":"2023-05-13T04:14:55","date_gmt":"2023-05-13T04:14:55","guid":{"rendered":"https:\/\/ecosdelsur.com\/?p=1314"},"modified":"2023-05-13T04:15:10","modified_gmt":"2023-05-13T04:15:10","slug":"daniel-peralta-regresaria-como-interventor-a-ycrt","status":"publish","type":"post","link":"https:\/\/ecosdelsur.com\/?p=1314","title":{"rendered":"Daniel Peralta regresar\u00eda como interventor a YCRT"},"content":{"rendered":"<p class=\"copete\">Si bien todav\u00eda falta el decreto, todo indica que el ex gobernador ser\u00e1 el nuevo titular de la empresa carbon\u00edfera.<\/p>\n<p>En horas de la tarde del viernes se conoci\u00f3 un nuevo dato que viene a cambiar el tablero pol\u00edtico en\u00a0<strong>Santa Cruz<\/strong>. El ex gobernador\u00a0<strong>Daniel Peralta fue designad<\/strong>o, seg\u00fan se\u00f1alaron fuentes a este medio, como interventor de la empresa\u00a0<strong>Yacimientos Carbon\u00edferos R\u00edo Turbio\u00a0<\/strong>(YCRT). Se da en el marco de una situaci\u00f3n complicada que atraviesa la empresa, con problemas para la liquidaci\u00f3n de salarios tanto para activos como para jubilados. De todas maneras, todav\u00eda falta la oficializaci\u00f3n a trav\u00e9s del decreto.<\/p>\n<p>Peralta, que no ha dejado de lado la pol\u00edtica durante estos a\u00f1os, empez\u00f3 a cobrar mayor protagonismo en estos d\u00edas, apareciendo incluso acompa\u00f1ando al intendente\u00a0<strong>Javier Belloni.<\/strong><\/p>\n<p>\u201cEn momentos dif\u00edciles de nuestra econom\u00eda y sus variables debemos, desde el peronismo, garantizar autonom\u00eda, unidad y apertura\u201d escribi\u00f3 en redes d\u00edas atr\u00e1s Peralta.<\/p>\n<p>Fuente: Tiempo Sur<\/p>\n","protected":false},"excerpt":{"rendered":"<p>Si bien todav\u00eda falta el decreto, todo indica que el ex gobernador ser\u00e1 el nuevo titular de la empresa carbon\u00edfera.<\/p>\n","protected":false},"author":8,"featured_media":1315,"comment_status":"open","ping_status":"closed","sticky":false,"template":"","format":"standard","meta":{"footnotes":""},"categories":[33],"tags":[],"class_list":["post-1314","post","type-post","status-publish","format-standard","has-post-thumbnail","hentry","category-politica"],"_links":{"self":[{"href":"https:\/\/ecosdelsur.com\/index.php?rest_route=\/wp\/v2\/posts\/1314","targetHints":{"allow":["GET"]}}],"collection":[{"href":"https:\/\/ecosdelsur.com\/index.php?rest_route=\/wp\/v2\/posts"}],"about":[{"href":"https:\/\/ecosdelsur.com\/index.php?rest_route=\/wp\/v2\/types\/post"}],"author":[{"embeddable":true,"href":"https:\/\/ecosdelsur.com\/index.php?rest_route=\/wp\/v2\/users\/8"}],"replies":[{"embeddable":true,"href":"https:\/\/ecosdelsur.com\/index.php?rest_route=%2Fwp%2Fv2%2Fcomments&post=1314"}],"version-history":[{"count":0,"href":"https:\/\/ecosdelsur.com\/index.php?rest_route=\/wp\/v2\/posts\/1314\/revisions"}],"wp:featuredmedia":[{"embeddable":true,"href":"https:\/\/ecosdelsur.com\/index.php?rest_route=\/wp\/v2\/media\/1315"}],"wp:attachment":[{"href":"https:\/\/ecosdelsur.com\/index.php?rest_route=%2Fwp%2Fv2%2Fmedia&parent=1314"}],"wp:term":[{"taxonomy":"category","embeddable":true,"href":"https:\/\/ecosdelsur.com\/index.php?rest_route=%2Fwp%2Fv2%2Fcategories&post=1314"},{"taxonomy":"post_tag","embeddable":true,"href":"https:\/\/ecosdelsur.com\/index.php?rest_route=%2Fwp%2Fv2%2Ftags&post=1314"}],"curies":[{"name":"wp","href":"https:\/\/api.w.org\/{rel}","templated":true}]}}