{"id":13132,"date":"2024-01-06T17:14:21","date_gmt":"2024-01-06T17:14:21","guid":{"rendered":"https:\/\/ecosdelsur.com\/?p=13132"},"modified":"2024-01-06T17:14:52","modified_gmt":"2024-01-06T17:14:52","slug":"tres-dias-de-fiesta-nautica-va-a-tener-caleta-olivia","status":"publish","type":"post","link":"https:\/\/ecosdelsur.com\/?p=13132","title":{"rendered":"Tres d\u00edas de Fiesta N\u00e1utica va a tener Caleta Olivia\u00a0"},"content":{"rendered":"<div class=\"row\">\n<div class=\"col-xs-12\"><span style=\"font-size: 16px;\">06\/01\/2023- La municipalidad de Caleta Olivia, a trav\u00e9s de la subsecretar\u00eda de Turismo, confirm\u00f3 que la nueva edici\u00f3n de la tradicional Fiesta N\u00e1utica se realizar\u00e1 los d\u00edas 26, 27 y 28 de enero con una extensa agenda de actividades.<img decoding=\"async\" class=\"alignnone size-full wp-image-13139 lazyload\" data-src=\"https:\/\/ecosdelsur.com\/wp-content\/uploads\/2024\/01\/DSC03796.jpg\" alt=\"\" width=\"800\" height=\"449\" data-srcset=\"https:\/\/ecosdelsur.com\/wp-content\/uploads\/2024\/01\/DSC03796.jpg 800w, https:\/\/ecosdelsur.com\/wp-content\/uploads\/2024\/01\/DSC03796-300x168.jpg 300w, https:\/\/ecosdelsur.com\/wp-content\/uploads\/2024\/01\/DSC03796-768x431.jpg 768w\" data-sizes=\"(max-width: 800px) 100vw, 800px\" src=\"data:image\/svg+xml;base64,PHN2ZyB3aWR0aD0iMSIgaGVpZ2h0PSIxIiB4bWxucz0iaHR0cDovL3d3dy53My5vcmcvMjAwMC9zdmciPjwvc3ZnPg==\" style=\"--smush-placeholder-width: 800px; --smush-placeholder-aspect-ratio: 800\/449;\" \/><\/span><\/div>\n<div>\n<p>El jueves hubo una reuni\u00f3n entre funcionarios de diferentes \u00e1reas de a comuna con integrantes de instituciones fue forman parte de la organizaci\u00f3n del evento, entre ellos el Club N\u00e1utico, el Parador Kosten y la Escuela de Nado de Aguas Abiertas.<img decoding=\"async\" class=\"alignnone size-full wp-image-13137 lazyload\" data-src=\"https:\/\/ecosdelsur.com\/wp-content\/uploads\/2024\/01\/DSC03791-1.jpg\" alt=\"\" width=\"800\" height=\"456\" data-srcset=\"https:\/\/ecosdelsur.com\/wp-content\/uploads\/2024\/01\/DSC03791-1.jpg 800w, https:\/\/ecosdelsur.com\/wp-content\/uploads\/2024\/01\/DSC03791-1-300x171.jpg 300w, https:\/\/ecosdelsur.com\/wp-content\/uploads\/2024\/01\/DSC03791-1-768x438.jpg 768w\" data-sizes=\"(max-width: 800px) 100vw, 800px\" src=\"data:image\/svg+xml;base64,PHN2ZyB3aWR0aD0iMSIgaGVpZ2h0PSIxIiB4bWxucz0iaHR0cDovL3d3dy53My5vcmcvMjAwMC9zdmciPjwvc3ZnPg==\" style=\"--smush-placeholder-width: 800px; --smush-placeholder-aspect-ratio: 800\/456;\" \/><\/p>\n<p>Por la municipio participaron el secretario de Cultura y Deporte, David Jones; la Subsecretaria de Relaciones Institucionales, Valeria Zamora; referentes de la secretar\u00eda de Producci\u00f3n a cargo de Pamela Gonz\u00e1lez y la subsecretaria de Turismo, Silvia San Pedro.<\/p>\n<p>En ese marco se hizo saber que de las actividades que tendr\u00e1n epicentro en la costanera, tambi\u00e9n arribar\u00e1n integrantes de clubes n\u00e1uticos de San Juli\u00e1n, Comodoro Rivadavia, Rada Tilly, Puerto Deseado y Perito Moreno, entre otros.<\/p>\n<p>Complementariamente, habr\u00e1 paseo de artesanos, patio gastron\u00f3mico y quinchos destinados a diversas instituciones.<\/p>\n<p>Por otra parte, la fiesta popular contar\u00e1 con el apoyo de Servicios P\u00fablicos S.E, Supervisi\u00f3n de Tr\u00e1nsito municipal, Hospital Zonal, Prefectura Navala, Polic\u00eda de Santa Cruz y todas las secretar\u00edas de la Municipalidad de Caleta Olivia.<\/p>\n<p>Finalmente se inform\u00f3 que hasta el 12 de enero pueden sumarse a la propuesta todas aquellas personas e instituciones que tengan proyectos, ideas y actividades que deseen realizar en el marco de la Fiesta N\u00e1utica. Los mismos podr\u00e1n presentarse en la Oficina de Turismo ubicada en el centro de la ciudad.<\/p>\n<\/div>\n<\/div>\n","protected":false},"excerpt":{"rendered":"<p>06\/01\/2023- La municipalidad de Caleta Olivia, a trav\u00e9s de la subsecretar\u00eda de Turismo, confirm\u00f3 que la nueva edici\u00f3n de la<\/p>\n","protected":false},"author":8,"featured_media":13138,"comment_status":"open","ping_status":"closed","sticky":false,"template":"","format":"standard","meta":{"footnotes":""},"categories":[37],"tags":[],"class_list":["post-13132","post","type-post","status-publish","format-standard","has-post-thumbnail","hentry","category-deportes"],"_links":{"self":[{"href":"https:\/\/ecosdelsur.com\/index.php?rest_route=\/wp\/v2\/posts\/13132","targetHints":{"allow":["GET"]}}],"collection":[{"href":"https:\/\/ecosdelsur.com\/index.php?rest_route=\/wp\/v2\/posts"}],"about":[{"href":"https:\/\/ecosdelsur.com\/index.php?rest_route=\/wp\/v2\/types\/post"}],"author":[{"embeddable":true,"href":"https:\/\/ecosdelsur.com\/index.php?rest_route=\/wp\/v2\/users\/8"}],"replies":[{"embeddable":true,"href":"https:\/\/ecosdelsur.com\/index.php?rest_route=%2Fwp%2Fv2%2Fcomments&post=13132"}],"version-history":[{"count":0,"href":"https:\/\/ecosdelsur.com\/index.php?rest_route=\/wp\/v2\/posts\/13132\/revisions"}],"wp:featuredmedia":[{"embeddable":true,"href":"https:\/\/ecosdelsur.com\/index.php?rest_route=\/wp\/v2\/media\/13138"}],"wp:attachment":[{"href":"https:\/\/ecosdelsur.com\/index.php?rest_route=%2Fwp%2Fv2%2Fmedia&parent=13132"}],"wp:term":[{"taxonomy":"category","embeddable":true,"href":"https:\/\/ecosdelsur.com\/index.php?rest_route=%2Fwp%2Fv2%2Fcategories&post=13132"},{"taxonomy":"post_tag","embeddable":true,"href":"https:\/\/ecosdelsur.com\/index.php?rest_route=%2Fwp%2Fv2%2Ftags&post=13132"}],"curies":[{"name":"wp","href":"https:\/\/api.w.org\/{rel}","templated":true}]}}