{"id":1311,"date":"2023-05-13T03:31:49","date_gmt":"2023-05-13T03:31:49","guid":{"rendered":"https:\/\/ecosdelsur.com\/?p=1311"},"modified":"2023-05-13T03:32:13","modified_gmt":"2023-05-13T03:32:13","slug":"balance-positivo-del-programa-mas-cerca-y-gran-cierre-con-una-jornada-cultural-para-toda-la-comunidad","status":"publish","type":"post","link":"https:\/\/ecosdelsur.com\/?p=1311","title":{"rendered":"Balance positivo del Programa \u201cM\u00e1s Cerca\u201d y gran cierre con una jornada cultural para toda la comunidad \u00a0"},"content":{"rendered":"<p class=\"yiv8269195755MsoNormal\"><i><span class=\"yiv8269195755ContentPasted0\" lang=\"ES\">Este viernes marc\u00f3 el final de la parte administrativa de esta edici\u00f3n del Programa M\u00e1s Cerca y el balance con resultados altamente positivos en el edificio del Centro Integrador Juvenil del Barrio 3 de Febrero. \u00a0<\/span><\/i><\/p>\n<p class=\"yiv8269195755MsoNormal\"><span class=\"yiv8269195755ContentPasted0\" lang=\"ES\">Integrantes del Municipio se enorgullecen de haber atendido a m\u00e1s de 600 vecinos en consultas y tr\u00e1mites administrativos, fortaleciendo as\u00ed el v\u00ednculo con el barrio 3 de Febrero y zonas aleda\u00f1as, destacando al cierre la puesta en valor de un play\u00f3n comunitario en proceso de reacondicionamiento. \u00a0<\/span><\/p>\n<p class=\"yiv8269195755MsoNormal\"><span class=\"yiv8269195755ContentPasted0\" lang=\"ES\">La presencia activa del intendente Fernando Cotillo y su equipo de Gobierno fue fundamental en esta semana llena de actividades y compromiso con la comunidad. \u00a0<\/span><\/p>\n<p class=\"yiv8269195755MsoNormal\"><span class=\"yiv8269195755ContentPasted0\" lang=\"ES\">As\u00ed lo destac\u00f3 el secretario de Gobierno, Carlos Aparicio, satisfecho\u00a0<b><i class=\"yiv8269195755ContentPasted0\">\u201cpor los logros obtenidos durante el Programa\u201d<\/i><\/b>, enfatizando\u00a0<b><i class=\"yiv8269195755ContentPasted0\">\u201cla importancia de seguir trabajando en la mejora continua del v\u00ednculo entre el municipio y los vecinos\u201d.<\/i><\/b>\u00a0\u00a0<\/span><\/p>\n<p class=\"yiv8269195755MsoNormal\"><span class=\"yiv8269195755ContentPasted0\" lang=\"ES\">Adem\u00e1s, se invit\u00f3 a todos los ciudadanos a sumarse al gran cierre cultural que se llevar\u00e1 a cabo el s\u00e1bado, ofreciendo una variedad de actividades culturales y deportivas. \u00a0<\/span><\/p>\n<p class=\"yiv8269195755MsoNormal\"><span class=\"yiv8269195755ContentPasted0\" lang=\"ES\">El evento contar\u00e1 con la participaci\u00f3n de bandas en vivo, demostraciones de danza contempor\u00e1nea, exposiciones de artesan\u00edas, torneos deportivos y un rinc\u00f3n infantil, entre otras atracciones. \u00a0<\/span><\/p>\n<p class=\"yiv8269195755MsoNormal\"><span class=\"yiv8269195755ContentPasted0\" lang=\"ES\">Carlos Chiquelli, subsecretario de Juventud, destac\u00f3 la importancia del Programa \u201cM\u00e1s Cerca\u201d como un compromiso entre la comunidad y el municipio.\u00a0<b><i class=\"yiv8269195755ContentPasted0\">\u201cEsta semana de apertura y participaci\u00f3n masiva por parte de los vecinos demuestra la relevancia de esta iniciativa, que ha brindado oportunidades de encuentro y di\u00e1logo\u201d,<\/i><\/b>\u00a0manifest\u00f3. \u00a0<\/span><\/p>\n<p class=\"yiv8269195755MsoNormal\"><span class=\"yiv8269195755ContentPasted0\" lang=\"ES\">Adem\u00e1s, resalt\u00f3 la\u00a0<b><i class=\"yiv8269195755ContentPasted0\">\u201ccontinua afluencia de personas interesadas en realizar tr\u00e1mites y buscar informaci\u00f3n sobre las actividades ofrecidas en el sector\u201d. \u00a0<\/i><\/b><\/span><\/p>\n<p class=\"yiv8269195755MsoNormal\"><span class=\"yiv8269195755ContentPasted0\" lang=\"ES\">Este s\u00e1bado se llevar\u00e1 a cabo una feria de productos frescos y venta de diversos expositores, as\u00ed como actividades deportivas y recreativas en el \u00e1rea del barrio 3 de Febrero. El horario del evento ser\u00e1 desde las 12 hasta las 16 horas. \u00a0<\/span><\/p>\n<p class=\"yiv8269195755MsoNormal\"><span class=\"yiv8269195755ContentPasted0\" lang=\"ES\">La comunidad est\u00e1 invitada a participar y disfrutar de este evento que busca promover la integraci\u00f3n y el bienestar de todos los ciudadanos. \u00a0<\/span><\/p>\n<p class=\"yiv8269195755MsoNormal\"><b><span class=\"yiv8269195755ContentPasted0\" lang=\"ES\">Circuito Recreativo de Educaci\u00f3n Ambiental \u00a0<\/span><\/b><\/p>\n<p class=\"yiv8269195755MsoNormal\"><span class=\"yiv8269195755ContentPasted0\">El equipo de Educaci\u00f3n Ambiental desarrollar\u00e1 esta propuesta para que los presentes disfruten de esta iniciativa que fomenta la incorporaci\u00f3n de conocimiento y h\u00e1bitos de cuidado ambiental. \u00a0<\/span><\/p>\n","protected":false},"excerpt":{"rendered":"<p>Este viernes marc\u00f3 el final de la parte administrativa de esta edici\u00f3n del Programa M\u00e1s Cerca y el balance con<\/p>\n","protected":false},"author":8,"featured_media":1312,"comment_status":"open","ping_status":"closed","sticky":false,"template":"","format":"standard","meta":{"footnotes":""},"categories":[40,1],"tags":[],"class_list":["post-1311","post","type-post","status-publish","format-standard","has-post-thumbnail","hentry","category-municipales","category-uncategorized"],"_links":{"self":[{"href":"https:\/\/ecosdelsur.com\/index.php?rest_route=\/wp\/v2\/posts\/1311","targetHints":{"allow":["GET"]}}],"collection":[{"href":"https:\/\/ecosdelsur.com\/index.php?rest_route=\/wp\/v2\/posts"}],"about":[{"href":"https:\/\/ecosdelsur.com\/index.php?rest_route=\/wp\/v2\/types\/post"}],"author":[{"embeddable":true,"href":"https:\/\/ecosdelsur.com\/index.php?rest_route=\/wp\/v2\/users\/8"}],"replies":[{"embeddable":true,"href":"https:\/\/ecosdelsur.com\/index.php?rest_route=%2Fwp%2Fv2%2Fcomments&post=1311"}],"version-history":[{"count":0,"href":"https:\/\/ecosdelsur.com\/index.php?rest_route=\/wp\/v2\/posts\/1311\/revisions"}],"wp:featuredmedia":[{"embeddable":true,"href":"https:\/\/ecosdelsur.com\/index.php?rest_route=\/wp\/v2\/media\/1312"}],"wp:attachment":[{"href":"https:\/\/ecosdelsur.com\/index.php?rest_route=%2Fwp%2Fv2%2Fmedia&parent=1311"}],"wp:term":[{"taxonomy":"category","embeddable":true,"href":"https:\/\/ecosdelsur.com\/index.php?rest_route=%2Fwp%2Fv2%2Fcategories&post=1311"},{"taxonomy":"post_tag","embeddable":true,"href":"https:\/\/ecosdelsur.com\/index.php?rest_route=%2Fwp%2Fv2%2Ftags&post=1311"}],"curies":[{"name":"wp","href":"https:\/\/api.w.org\/{rel}","templated":true}]}}