{"id":13108,"date":"2024-01-06T16:16:29","date_gmt":"2024-01-06T16:16:29","guid":{"rendered":"https:\/\/ecosdelsur.com\/?p=13108"},"modified":"2024-01-06T16:16:29","modified_gmt":"2024-01-06T16:16:29","slug":"el-intendente-recibio-en-su-despacho-a-la-diputada-iris-rasgido","status":"publish","type":"post","link":"https:\/\/ecosdelsur.com\/?p=13108","title":{"rendered":"El Intendente recibi\u00f3 en su despacho a la diputada Iris Rasgido"},"content":{"rendered":"<p>06\/01\/2023- En un primer encuentro oficial entre los dos funcionarios electos, se convers\u00f3 sobre la situaci\u00f3n provincial y local, los desaf\u00edos para los a\u00f1os de gesti\u00f3n y el compromiso de trabajar en conjunto para los vecinos de Caleta Olivia.<img decoding=\"async\" class=\"alignnone size-full wp-image-13109 lazyload\" data-src=\"https:\/\/ecosdelsur.com\/wp-content\/uploads\/2024\/01\/WhatsApp-Image-2024-01-06-at-11.09.40-1.jpeg\" alt=\"\" width=\"800\" height=\"476\" data-srcset=\"https:\/\/ecosdelsur.com\/wp-content\/uploads\/2024\/01\/WhatsApp-Image-2024-01-06-at-11.09.40-1.jpeg 800w, https:\/\/ecosdelsur.com\/wp-content\/uploads\/2024\/01\/WhatsApp-Image-2024-01-06-at-11.09.40-1-300x179.jpeg 300w, https:\/\/ecosdelsur.com\/wp-content\/uploads\/2024\/01\/WhatsApp-Image-2024-01-06-at-11.09.40-1-768x457.jpeg 768w\" data-sizes=\"(max-width: 800px) 100vw, 800px\" src=\"data:image\/svg+xml;base64,PHN2ZyB3aWR0aD0iMSIgaGVpZ2h0PSIxIiB4bWxucz0iaHR0cDovL3d3dy53My5vcmcvMjAwMC9zdmciPjwvc3ZnPg==\" style=\"--smush-placeholder-width: 800px; --smush-placeholder-aspect-ratio: 800\/476;\" \/><\/p>\n<p>El Intendente Pablo Carrizo acompa\u00f1ado en primera instancia por el Jefe de Gabinete Luis Melo, y luego por todo el Gabinete, recibi\u00f3 en la Sala de Situaci\u00f3n de la comuna a la diputada provincial Iris Rasgido; durante el encuentro se convers\u00f3 sobre el primer mes de gesti\u00f3n, las medidas adoptadas tanto desde el municipio como la emergencia econ\u00f3mica y administrativa, y lo propio a nivel provincial. Coincidieron en el estado en el que se recibieron las \u00e1reas por parte de los gobiernos salientes y en la necesidad de trabajar en conjunto para lograr contrarrestar la situaci\u00f3n.<\/p>\n<p>Al momento de comentar el resultado de la reuni\u00f3n el Intendente Pablo Carrizo resalt\u00f3 que la ocasi\u00f3n sirvi\u00f3 para que cada uno de los secretarios comunales le dieran a conocer a la legisladora el complejo escenario en el que se encuentran sus sectores, con edificios destrozados, con carencia de insumos, con personal que en muchos lugares no tiene una funci\u00f3n espec\u00edfica, \u201cpero principalmente sobre lo que venimos diciendo en los medios y en cada reuni\u00f3n que tenemos, que somos gente de trabajo y que vamos a seguir en este camino de hacer hasta lo imposible para mejorar todo lo que est\u00e1 destruido\u201d.<\/p>\n<p>Por su parte la diputada provincial, presidente del bloque Por Santa Cruz, agradeci\u00f3 el recibimiento y destac\u00f3 el compromiso para con Caleta Olivia por parte de todo el equipo de gesti\u00f3n. \u201cSabemos de las necesidades que tienen los vecinos de Caleta, de cuestiones que son estructurales y que han sido desestimadas por los gobiernos tanto a nivel local como provincial, pero est\u00e1 el compromiso del gobernador Claudio Vidal y eso es lo que tambi\u00e9n les vine a transmitir\u201d; la funcionaria tambi\u00e9n hizo menci\u00f3n, en el caso particular de la legislatura, de las condiciones en las que recibieron el edificio y la situaci\u00f3n del personal.<\/p>\n","protected":false},"excerpt":{"rendered":"<p>06\/01\/2023- En un primer encuentro oficial entre los dos funcionarios electos, se convers\u00f3 sobre la situaci\u00f3n provincial y local, los<\/p>\n","protected":false},"author":8,"featured_media":13111,"comment_status":"open","ping_status":"closed","sticky":false,"template":"","format":"standard","meta":{"footnotes":""},"categories":[33],"tags":[],"class_list":["post-13108","post","type-post","status-publish","format-standard","has-post-thumbnail","hentry","category-politica"],"_links":{"self":[{"href":"https:\/\/ecosdelsur.com\/index.php?rest_route=\/wp\/v2\/posts\/13108","targetHints":{"allow":["GET"]}}],"collection":[{"href":"https:\/\/ecosdelsur.com\/index.php?rest_route=\/wp\/v2\/posts"}],"about":[{"href":"https:\/\/ecosdelsur.com\/index.php?rest_route=\/wp\/v2\/types\/post"}],"author":[{"embeddable":true,"href":"https:\/\/ecosdelsur.com\/index.php?rest_route=\/wp\/v2\/users\/8"}],"replies":[{"embeddable":true,"href":"https:\/\/ecosdelsur.com\/index.php?rest_route=%2Fwp%2Fv2%2Fcomments&post=13108"}],"version-history":[{"count":0,"href":"https:\/\/ecosdelsur.com\/index.php?rest_route=\/wp\/v2\/posts\/13108\/revisions"}],"wp:featuredmedia":[{"embeddable":true,"href":"https:\/\/ecosdelsur.com\/index.php?rest_route=\/wp\/v2\/media\/13111"}],"wp:attachment":[{"href":"https:\/\/ecosdelsur.com\/index.php?rest_route=%2Fwp%2Fv2%2Fmedia&parent=13108"}],"wp:term":[{"taxonomy":"category","embeddable":true,"href":"https:\/\/ecosdelsur.com\/index.php?rest_route=%2Fwp%2Fv2%2Fcategories&post=13108"},{"taxonomy":"post_tag","embeddable":true,"href":"https:\/\/ecosdelsur.com\/index.php?rest_route=%2Fwp%2Fv2%2Ftags&post=13108"}],"curies":[{"name":"wp","href":"https:\/\/api.w.org\/{rel}","templated":true}]}}