{"id":13104,"date":"2024-01-06T16:10:39","date_gmt":"2024-01-06T16:10:39","guid":{"rendered":"https:\/\/ecosdelsur.com\/?p=13104"},"modified":"2024-01-06T16:10:39","modified_gmt":"2024-01-06T16:10:39","slug":"gutierrez-hemos-encontrado-un-perjuicio-en-el-estado-y-lo-vamos-a-denunciar-en-la-justicia","status":"publish","type":"post","link":"https:\/\/ecosdelsur.com\/?p=13104","title":{"rendered":"Guti\u00e9rrez: \u201cHemos encontrado un perjuicio en el Estado y lo vamos a denunciar en la justicia\u201d"},"content":{"rendered":"<p>06\/01\/2023-En la ma\u00f1ana de este viernes 5 de enero, el ministro de Trabajo, Empleo y Seguridad Social de Santa Cruz, Julio Guti\u00e9rrez, present\u00f3 ante la Fiscal\u00eda de Estado una denuncia por fraude en el uso de los recursos del Estado, detectado en el mes de junio del a\u00f1o pasado.<img decoding=\"async\" class=\"alignnone size-full wp-image-13105 lazyload\" data-src=\"https:\/\/ecosdelsur.com\/wp-content\/uploads\/2024\/01\/20240105_JULIO_GUTIERREZ_DENUNCIA-2.jpg\" alt=\"\" width=\"800\" height=\"513\" data-srcset=\"https:\/\/ecosdelsur.com\/wp-content\/uploads\/2024\/01\/20240105_JULIO_GUTIERREZ_DENUNCIA-2.jpg 800w, https:\/\/ecosdelsur.com\/wp-content\/uploads\/2024\/01\/20240105_JULIO_GUTIERREZ_DENUNCIA-2-300x192.jpg 300w, https:\/\/ecosdelsur.com\/wp-content\/uploads\/2024\/01\/20240105_JULIO_GUTIERREZ_DENUNCIA-2-768x492.jpg 768w\" data-sizes=\"(max-width: 800px) 100vw, 800px\" src=\"data:image\/svg+xml;base64,PHN2ZyB3aWR0aD0iMSIgaGVpZ2h0PSIxIiB4bWxucz0iaHR0cDovL3d3dy53My5vcmcvMjAwMC9zdmciPjwvc3ZnPg==\" style=\"--smush-placeholder-width: 800px; --smush-placeholder-aspect-ratio: 800\/513;\" \/><\/p>\n<p>En este contexto, y acompa\u00f1ado por la directora general de Asuntos Jur\u00eddicos de la Cartera de Trabajo, Carla Bahamonde, el Ministro se aperson\u00f3 en el 5\u00b0 Piso de Av. Kirchner 669, donde funciona el despacho del fiscal Ramiro Esteban Castillo, he hizo efectiva dicha presentaci\u00f3n.<\/p>\n<p>Luego de la reuni\u00f3n, Guti\u00e9rrez inform\u00f3 los detalles de la demanda al expresar: \u201cVinimos a Fiscal\u00eda de Estado a denunciar un hecho que para nosotros tiene un dolo al patrimonio provincial, respecto a la compra de combustible, ya que all\u00e1 por el mes de junio se recibieron vales en pesos por 6.000 litros de combustible que la provincia hab\u00eda pagado\u201d.<\/p>\n<p>En ese sentido, indic\u00f3: \u201cPara que la gente entienda, esto tiene que ver con que la Provincia compr\u00f3 combustible que, en aquel momento, representaba un mill\u00f3n y medio de pesos aproximadamente, pero en vez de recibir combustible recibi\u00f3 vales en pesos. Y cuando con los veh\u00edculos del Gobierno, en este caso del Ministerio de Trabajo, se fue a cargar combustible se le cargan con esos vales con el valor actual del litro\u201d.<\/p>\n<p>Luego explic\u00f3: \u201cn aquel momento era de Infinia Diesel, el combustible m\u00e1s caro, que val\u00eda $ 238.- el litro y hoy vale $ 1.000.-. Esto quiere decir que la Provincia tuvo un perjuicio de m\u00e1s del 70 por ciento. De 6.000 litros, hoy tenemos menos de 2000\u201d.<\/p>\n<p>Por otro lado, el ministro Guti\u00e9rrez reiter\u00f3: \u201cHoy nos toca a nosotros tener esta responsabilidad. El Gobierno anterior compro combustible y pag\u00f3 y en vez de recibir ese combustible, recibi\u00f3 vales en pesos\u201d.<\/p>\n<p>\u201cEso claramente constituye una malversaci\u00f3n en el movimiento del expediente. Yo considero personalmente que aqu\u00ed hay una estafa\u201d, subray\u00f3.<\/p>\n<p>Adem\u00e1s, se\u00f1al\u00f3 que por motivo de la feria judicial se avanzar\u00e1 en el expediente, y cuando esta finalice se avanzar\u00e1 en la denuncia penal. \u201cTodos los que intervinieron en este expediente deber\u00e1n dar una explicaci\u00f3n a la justicia como corresponde y como la sociedad nos est\u00e1 pidiendo\u201d.<\/p>\n<p>\u201cQuiero decir esto de manera personal, hemos encontrado un perjuicio en el Estado y ese perjuicio lo vamos a denunciar en la justicia no en la prensa\u201d, recalc\u00f3.<\/p>\n<p>Antes de concluir, manifest\u00f3 que de este modo se est\u00e1 cumpliendo con la palabra empe\u00f1ada antes de las elecciones, con la sociedad. \u201cAhora por mandato del Gobernador, estamos haciendo las cosas como hay que hacerlas\u201d, asegur\u00f3.<\/p>\n<p>\u201cSin ninguna duda esto ocurri\u00f3 en varios Ministerios pero a m\u00ed me toca la responsabilidad de lo que pas\u00f3 en el Ministerio a m\u00ed cargo\u201d, finaliz\u00f3.<\/p>\n","protected":false},"excerpt":{"rendered":"<p>06\/01\/2023-En la ma\u00f1ana de este viernes 5 de enero, el ministro de Trabajo, Empleo y Seguridad Social de Santa Cruz,<\/p>\n","protected":false},"author":8,"featured_media":13106,"comment_status":"open","ping_status":"closed","sticky":false,"template":"","format":"standard","meta":{"footnotes":""},"categories":[34],"tags":[],"class_list":["post-13104","post","type-post","status-publish","format-standard","has-post-thumbnail","hentry","category-economia"],"_links":{"self":[{"href":"https:\/\/ecosdelsur.com\/index.php?rest_route=\/wp\/v2\/posts\/13104","targetHints":{"allow":["GET"]}}],"collection":[{"href":"https:\/\/ecosdelsur.com\/index.php?rest_route=\/wp\/v2\/posts"}],"about":[{"href":"https:\/\/ecosdelsur.com\/index.php?rest_route=\/wp\/v2\/types\/post"}],"author":[{"embeddable":true,"href":"https:\/\/ecosdelsur.com\/index.php?rest_route=\/wp\/v2\/users\/8"}],"replies":[{"embeddable":true,"href":"https:\/\/ecosdelsur.com\/index.php?rest_route=%2Fwp%2Fv2%2Fcomments&post=13104"}],"version-history":[{"count":0,"href":"https:\/\/ecosdelsur.com\/index.php?rest_route=\/wp\/v2\/posts\/13104\/revisions"}],"wp:featuredmedia":[{"embeddable":true,"href":"https:\/\/ecosdelsur.com\/index.php?rest_route=\/wp\/v2\/media\/13106"}],"wp:attachment":[{"href":"https:\/\/ecosdelsur.com\/index.php?rest_route=%2Fwp%2Fv2%2Fmedia&parent=13104"}],"wp:term":[{"taxonomy":"category","embeddable":true,"href":"https:\/\/ecosdelsur.com\/index.php?rest_route=%2Fwp%2Fv2%2Fcategories&post=13104"},{"taxonomy":"post_tag","embeddable":true,"href":"https:\/\/ecosdelsur.com\/index.php?rest_route=%2Fwp%2Fv2%2Ftags&post=13104"}],"curies":[{"name":"wp","href":"https:\/\/api.w.org\/{rel}","templated":true}]}}