{"id":13100,"date":"2024-01-06T06:19:00","date_gmt":"2024-01-06T06:19:00","guid":{"rendered":"https:\/\/ecosdelsur.com\/?p=13100"},"modified":"2024-01-06T06:19:00","modified_gmt":"2024-01-06T06:19:00","slug":"guenchenen-la-educacion-es-fundamental-para-el-futuro-que-queremos-construir","status":"publish","type":"post","link":"https:\/\/ecosdelsur.com\/?p=13100","title":{"rendered":"Guenchenen: \u201cLa educaci\u00f3n es fundamental para el futuro que queremos construir\u201d"},"content":{"rendered":"<p>05701\/2023- El Secretario General del Sindicato Petrolero recorri\u00f3 los avances en la construcci\u00f3n de la Escuela del Viento de R\u00edo Gallegos, y destac\u00f3 la importancia de trabajar en conjunto con el gobernador Claudio Vidal para mejorar el sistema educativo en la provincia.<img decoding=\"async\" class=\"alignnone size-full wp-image-13102 lazyload\" data-src=\"https:\/\/ecosdelsur.com\/wp-content\/uploads\/2024\/01\/WhatsApp-Image-2024-01-05-at-21.38.21.jpeg\" alt=\"\" width=\"640\" height=\"352\" data-srcset=\"https:\/\/ecosdelsur.com\/wp-content\/uploads\/2024\/01\/WhatsApp-Image-2024-01-05-at-21.38.21.jpeg 640w, https:\/\/ecosdelsur.com\/wp-content\/uploads\/2024\/01\/WhatsApp-Image-2024-01-05-at-21.38.21-300x165.jpeg 300w\" data-sizes=\"(max-width: 640px) 100vw, 640px\" src=\"data:image\/svg+xml;base64,PHN2ZyB3aWR0aD0iMSIgaGVpZ2h0PSIxIiB4bWxucz0iaHR0cDovL3d3dy53My5vcmcvMjAwMC9zdmciPjwvc3ZnPg==\" style=\"--smush-placeholder-width: 640px; --smush-placeholder-aspect-ratio: 640\/352;\" \/><br \/>\n\u201cSeguimos apostando a la educaci\u00f3n, porque sabemos que es fundamental para el futuro que queremos construir. Queremos generar oportunidades, y es importante poder poner a disposici\u00f3n de los j\u00f3venes herramientas de primer nivel, a trav\u00e9s de lo que llamamos \u2018escuelas modelo\u2019, inspiradas en los mejores proyectos educativos de nuestro pa\u00eds\u201d.<br \/>\nEn esta oportunidad, Guenchenen recorri\u00f3 el predio acompa\u00f1ado por el Secretario Adjunto Nallib Rivera, e integrantes de comisi\u00f3n directiva de la mutual.<br \/>\nEl predio que ubica la obra consta de dos hect\u00e1reas y est\u00e1 ubicado al margen ruta nacional N\u00b03 sector aut\u00f3dromo de la ciudad capital<\/p>\n","protected":false},"excerpt":{"rendered":"<p>05701\/2023- El Secretario General del Sindicato Petrolero recorri\u00f3 los avances en la construcci\u00f3n de la Escuela del Viento de R\u00edo<\/p>\n","protected":false},"author":8,"featured_media":13101,"comment_status":"open","ping_status":"closed","sticky":false,"template":"","format":"standard","meta":{"footnotes":""},"categories":[87],"tags":[],"class_list":["post-13100","post","type-post","status-publish","format-standard","has-post-thumbnail","hentry","category-provinciales"],"_links":{"self":[{"href":"https:\/\/ecosdelsur.com\/index.php?rest_route=\/wp\/v2\/posts\/13100","targetHints":{"allow":["GET"]}}],"collection":[{"href":"https:\/\/ecosdelsur.com\/index.php?rest_route=\/wp\/v2\/posts"}],"about":[{"href":"https:\/\/ecosdelsur.com\/index.php?rest_route=\/wp\/v2\/types\/post"}],"author":[{"embeddable":true,"href":"https:\/\/ecosdelsur.com\/index.php?rest_route=\/wp\/v2\/users\/8"}],"replies":[{"embeddable":true,"href":"https:\/\/ecosdelsur.com\/index.php?rest_route=%2Fwp%2Fv2%2Fcomments&post=13100"}],"version-history":[{"count":0,"href":"https:\/\/ecosdelsur.com\/index.php?rest_route=\/wp\/v2\/posts\/13100\/revisions"}],"wp:featuredmedia":[{"embeddable":true,"href":"https:\/\/ecosdelsur.com\/index.php?rest_route=\/wp\/v2\/media\/13101"}],"wp:attachment":[{"href":"https:\/\/ecosdelsur.com\/index.php?rest_route=%2Fwp%2Fv2%2Fmedia&parent=13100"}],"wp:term":[{"taxonomy":"category","embeddable":true,"href":"https:\/\/ecosdelsur.com\/index.php?rest_route=%2Fwp%2Fv2%2Fcategories&post=13100"},{"taxonomy":"post_tag","embeddable":true,"href":"https:\/\/ecosdelsur.com\/index.php?rest_route=%2Fwp%2Fv2%2Ftags&post=13100"}],"curies":[{"name":"wp","href":"https:\/\/api.w.org\/{rel}","templated":true}]}}