{"id":13089,"date":"2024-01-06T03:52:52","date_gmt":"2024-01-06T03:52:52","guid":{"rendered":"https:\/\/ecosdelsur.com\/?p=13089"},"modified":"2024-01-06T16:31:20","modified_gmt":"2024-01-06T16:31:20","slug":"monica-orellana-estoy-orgullosa-de-mi-hermano","status":"publish","type":"post","link":"https:\/\/ecosdelsur.com\/?p=13089","title":{"rendered":"M\u00f3nica Orellana: \u201cEstoy orgullosa de mi hermano\u201d"},"content":{"rendered":"<p>06\/01\/2023- As\u00ed lo expres\u00f3 M\u00f3nica, hermana de Miguel \u201cChaguanco\u201d Orellana, quien falleciera en 2021 tras contraer Covid. Caleta Olivia, y particularmente el f\u00fatbol, lament\u00f3 su desaparici\u00f3n f\u00edsica por todo lo que Miguelito brind\u00f3 al deporte.<img decoding=\"async\" class=\"alignnone size-full wp-image-13116 lazyload\" data-src=\"https:\/\/ecosdelsur.com\/wp-content\/uploads\/2024\/01\/DSC_4591.jpg\" alt=\"\" width=\"800\" height=\"494\" data-srcset=\"https:\/\/ecosdelsur.com\/wp-content\/uploads\/2024\/01\/DSC_4591.jpg 800w, https:\/\/ecosdelsur.com\/wp-content\/uploads\/2024\/01\/DSC_4591-300x185.jpg 300w, https:\/\/ecosdelsur.com\/wp-content\/uploads\/2024\/01\/DSC_4591-768x474.jpg 768w\" data-sizes=\"(max-width: 800px) 100vw, 800px\" src=\"data:image\/svg+xml;base64,PHN2ZyB3aWR0aD0iMSIgaGVpZ2h0PSIxIiB4bWxucz0iaHR0cDovL3d3dy53My5vcmcvMjAwMC9zdmciPjwvc3ZnPg==\" style=\"--smush-placeholder-width: 800px; --smush-placeholder-aspect-ratio: 800\/494;\" \/><\/p>\n<p>Es as\u00ed que el \u00faltimo torneo Clausura organizado por la Liga Norte, en su homenaje llev\u00f3 su nombre.<\/p>\n<p>Su hermana, estuvo presente en la entrega de premios de la Liga en el Centro Cultural Caleta Olivia y expres\u00f3 en di\u00e1logo con Ecos del Sur que est\u00e1 \u201corgullosa\u201d de su hermano.<img decoding=\"async\" class=\"size-full wp-image-13120 aligncenter lazyload\" data-src=\"https:\/\/ecosdelsur.com\/wp-content\/uploads\/2024\/01\/mi.jpg\" alt=\"\" width=\"702\" height=\"393\" data-srcset=\"https:\/\/ecosdelsur.com\/wp-content\/uploads\/2024\/01\/mi.jpg 702w, https:\/\/ecosdelsur.com\/wp-content\/uploads\/2024\/01\/mi-300x168.jpg 300w\" data-sizes=\"(max-width: 702px) 100vw, 702px\" src=\"data:image\/svg+xml;base64,PHN2ZyB3aWR0aD0iMSIgaGVpZ2h0PSIxIiB4bWxucz0iaHR0cDovL3d3dy53My5vcmcvMjAwMC9zdmciPjwvc3ZnPg==\" style=\"--smush-placeholder-width: 702px; --smush-placeholder-aspect-ratio: 702\/393;\" \/><\/p>\n<p>\u201c\u00c9l siempre estuvo con el deporte, con el f\u00fatbol. Por eso agradezco a todas las instituciones que recuerdan a mi hermano\u201d, dijo M\u00f3nica y cont\u00f3 que \u201cdesde chico su pasi\u00f3n fue el f\u00fatbol y ocup\u00f3 distintos lugares en distintos equipos amando el deporte y la pelota; Acompa\u00f1ando las comisiones directivas que pod\u00eda, siempre predispuesto a crecer, ayudar en lo que \u00e9l amaba\u201d.<img decoding=\"async\" class=\"alignnone size-full wp-image-13117 lazyload\" data-src=\"https:\/\/ecosdelsur.com\/wp-content\/uploads\/2024\/01\/DSC_4615.jpg\" alt=\"\" width=\"800\" height=\"519\" data-srcset=\"https:\/\/ecosdelsur.com\/wp-content\/uploads\/2024\/01\/DSC_4615.jpg 800w, https:\/\/ecosdelsur.com\/wp-content\/uploads\/2024\/01\/DSC_4615-300x195.jpg 300w, https:\/\/ecosdelsur.com\/wp-content\/uploads\/2024\/01\/DSC_4615-768x498.jpg 768w\" data-sizes=\"(max-width: 800px) 100vw, 800px\" src=\"data:image\/svg+xml;base64,PHN2ZyB3aWR0aD0iMSIgaGVpZ2h0PSIxIiB4bWxucz0iaHR0cDovL3d3dy53My5vcmcvMjAwMC9zdmciPjwvc3ZnPg==\" style=\"--smush-placeholder-width: 800px; --smush-placeholder-aspect-ratio: 800\/519;\" \/><\/p>\n<p>Su amor por el f\u00fatbol viene de la cuna, cuando su padre, representante de f\u00fatbol del PV, lo llevaba al potrero a jugar.<img decoding=\"async\" class=\"alignnone size-full wp-image-13114 lazyload\" data-src=\"https:\/\/ecosdelsur.com\/wp-content\/uploads\/2024\/01\/DSC_4560.jpg\" alt=\"\" width=\"800\" height=\"511\" data-srcset=\"https:\/\/ecosdelsur.com\/wp-content\/uploads\/2024\/01\/DSC_4560.jpg 800w, https:\/\/ecosdelsur.com\/wp-content\/uploads\/2024\/01\/DSC_4560-300x192.jpg 300w, https:\/\/ecosdelsur.com\/wp-content\/uploads\/2024\/01\/DSC_4560-768x491.jpg 768w\" data-sizes=\"(max-width: 800px) 100vw, 800px\" src=\"data:image\/svg+xml;base64,PHN2ZyB3aWR0aD0iMSIgaGVpZ2h0PSIxIiB4bWxucz0iaHR0cDovL3d3dy53My5vcmcvMjAwMC9zdmciPjwvc3ZnPg==\" style=\"--smush-placeholder-width: 800px; --smush-placeholder-aspect-ratio: 800\/511;\" \/><\/p>\n<p>\u201cMiguel es algo especial para m\u00ed, su partida aun nos duele. Estamos en proceso, lidiando con su p\u00e9rdida pero orgullosos de lo que dej\u00f3 en esta tierra\u201d, finaliz\u00f3 diciendo M\u00f3nica.<img decoding=\"async\" class=\"alignnone size-full wp-image-13115 lazyload\" data-src=\"https:\/\/ecosdelsur.com\/wp-content\/uploads\/2024\/01\/DSC_4562.jpg\" alt=\"\" width=\"800\" height=\"466\" data-srcset=\"https:\/\/ecosdelsur.com\/wp-content\/uploads\/2024\/01\/DSC_4562.jpg 800w, https:\/\/ecosdelsur.com\/wp-content\/uploads\/2024\/01\/DSC_4562-300x175.jpg 300w, https:\/\/ecosdelsur.com\/wp-content\/uploads\/2024\/01\/DSC_4562-768x447.jpg 768w\" data-sizes=\"(max-width: 800px) 100vw, 800px\" src=\"data:image\/svg+xml;base64,PHN2ZyB3aWR0aD0iMSIgaGVpZ2h0PSIxIiB4bWxucz0iaHR0cDovL3d3dy53My5vcmcvMjAwMC9zdmciPjwvc3ZnPg==\" style=\"--smush-placeholder-width: 800px; --smush-placeholder-aspect-ratio: 800\/466;\" \/><\/p>\n<p>&nbsp;<\/p>\n<p>&nbsp;<\/p>\n","protected":false},"excerpt":{"rendered":"<p>06\/01\/2023- As\u00ed lo expres\u00f3 M\u00f3nica, hermana de Miguel \u201cChaguanco\u201d Orellana, quien falleciera en 2021 tras contraer Covid. Caleta Olivia, y<\/p>\n","protected":false},"author":8,"featured_media":13118,"comment_status":"open","ping_status":"closed","sticky":false,"template":"","format":"standard","meta":{"footnotes":""},"categories":[37],"tags":[60],"class_list":["post-13089","post","type-post","status-publish","format-standard","has-post-thumbnail","hentry","category-deportes","tag-caleta-olivia"],"_links":{"self":[{"href":"https:\/\/ecosdelsur.com\/index.php?rest_route=\/wp\/v2\/posts\/13089","targetHints":{"allow":["GET"]}}],"collection":[{"href":"https:\/\/ecosdelsur.com\/index.php?rest_route=\/wp\/v2\/posts"}],"about":[{"href":"https:\/\/ecosdelsur.com\/index.php?rest_route=\/wp\/v2\/types\/post"}],"author":[{"embeddable":true,"href":"https:\/\/ecosdelsur.com\/index.php?rest_route=\/wp\/v2\/users\/8"}],"replies":[{"embeddable":true,"href":"https:\/\/ecosdelsur.com\/index.php?rest_route=%2Fwp%2Fv2%2Fcomments&post=13089"}],"version-history":[{"count":0,"href":"https:\/\/ecosdelsur.com\/index.php?rest_route=\/wp\/v2\/posts\/13089\/revisions"}],"wp:featuredmedia":[{"embeddable":true,"href":"https:\/\/ecosdelsur.com\/index.php?rest_route=\/wp\/v2\/media\/13118"}],"wp:attachment":[{"href":"https:\/\/ecosdelsur.com\/index.php?rest_route=%2Fwp%2Fv2%2Fmedia&parent=13089"}],"wp:term":[{"taxonomy":"category","embeddable":true,"href":"https:\/\/ecosdelsur.com\/index.php?rest_route=%2Fwp%2Fv2%2Fcategories&post=13089"},{"taxonomy":"post_tag","embeddable":true,"href":"https:\/\/ecosdelsur.com\/index.php?rest_route=%2Fwp%2Fv2%2Ftags&post=13089"}],"curies":[{"name":"wp","href":"https:\/\/api.w.org\/{rel}","templated":true}]}}