{"id":13085,"date":"2024-01-06T04:27:48","date_gmt":"2024-01-06T04:27:48","guid":{"rendered":"https:\/\/ecosdelsur.com\/?p=13085"},"modified":"2024-01-06T04:27:48","modified_gmt":"2024-01-06T04:27:48","slug":"vidal-le-dio-la-bienvenida-a-santa-cruz-al-presidente-javier-milei","status":"publish","type":"post","link":"https:\/\/ecosdelsur.com\/?p=13085","title":{"rendered":"Vidal le dio la bienvenida a Santa Cruz al presidente Javier Milei"},"content":{"rendered":"<p><span style=\"font-size: 16px;\">05\/01\/2023- La comitiva encabezada por el presidente Javier Milei lleg\u00f3 esta noche al Aeropuerto Norberto Fern\u00e1ndez de la ciudad de R\u00edo Gallegos, en escala previa al continente ant\u00e1rtico. La misma fue recibida por el gobernador Claudio Vidal e integrantes del Gabinete Provincial.<img decoding=\"async\" class=\"alignnone size-large wp-image-13097 lazyload\" data-src=\"https:\/\/ecosdelsur.com\/wp-content\/uploads\/2024\/01\/413040138_916748019810369_2788199752660352468_n-1024x590.jpg\" alt=\"\" width=\"800\" height=\"461\" data-srcset=\"https:\/\/ecosdelsur.com\/wp-content\/uploads\/2024\/01\/413040138_916748019810369_2788199752660352468_n-scaled.jpg 1024w, https:\/\/ecosdelsur.com\/wp-content\/uploads\/2024\/01\/413040138_916748019810369_2788199752660352468_n-300x173.jpg 300w, https:\/\/ecosdelsur.com\/wp-content\/uploads\/2024\/01\/413040138_916748019810369_2788199752660352468_n-768x442.jpg 768w, https:\/\/ecosdelsur.com\/wp-content\/uploads\/2024\/01\/413040138_916748019810369_2788199752660352468_n-1536x885.jpg 1536w\" data-sizes=\"(max-width: 800px) 100vw, 800px\" src=\"data:image\/svg+xml;base64,PHN2ZyB3aWR0aD0iMSIgaGVpZ2h0PSIxIiB4bWxucz0iaHR0cDovL3d3dy53My5vcmcvMjAwMC9zdmciPjwvc3ZnPg==\" style=\"--smush-placeholder-width: 800px; --smush-placeholder-aspect-ratio: 800\/461;\" \/><\/span><\/p>\n<div class=\"itemFullText\">\n<p>El mandatario lleg\u00f3 a la capital de Santa Cruz, tras un viaje de m\u00e1s de tres horas, en el cual fue acompa\u00f1ado por la secretaria General de la Presidencia, Karina Milei,; la canciller Diana Mondino; el ministro de Interior, Guillermo Francos; su colega de Defensa, Luis Petri, y el Director General de la Agencia Internacional de la Energ\u00eda At\u00f3mica, Rafael Grossi.<img decoding=\"async\" class=\"alignnone size-large wp-image-13095 lazyload\" data-src=\"https:\/\/ecosdelsur.com\/wp-content\/uploads\/2024\/01\/413034990_916747879810383_6980514320486986315_n-1024x570.jpg\" alt=\"\" width=\"800\" height=\"445\" data-srcset=\"https:\/\/ecosdelsur.com\/wp-content\/uploads\/2024\/01\/413034990_916747879810383_6980514320486986315_n-scaled.jpg 1024w, https:\/\/ecosdelsur.com\/wp-content\/uploads\/2024\/01\/413034990_916747879810383_6980514320486986315_n-300x167.jpg 300w, https:\/\/ecosdelsur.com\/wp-content\/uploads\/2024\/01\/413034990_916747879810383_6980514320486986315_n-768x428.jpg 768w, https:\/\/ecosdelsur.com\/wp-content\/uploads\/2024\/01\/413034990_916747879810383_6980514320486986315_n-1536x855.jpg 1536w, https:\/\/ecosdelsur.com\/wp-content\/uploads\/2024\/01\/413034990_916747879810383_6980514320486986315_n-800x445.jpg 800w\" data-sizes=\"(max-width: 800px) 100vw, 800px\" src=\"data:image\/svg+xml;base64,PHN2ZyB3aWR0aD0iMSIgaGVpZ2h0PSIxIiB4bWxucz0iaHR0cDovL3d3dy53My5vcmcvMjAwMC9zdmciPjwvc3ZnPg==\" style=\"--smush-placeholder-width: 800px; --smush-placeholder-aspect-ratio: 800\/445;\" \/><\/p>\n<p>La comitiva presidencial fue recibida por el gobernador Claudio Vidal, el vicegobernador Fabi\u00e1n Leguizam\u00f3n; el jefe de Gabinete de Ministros, Daniel \u00c1lvarez; y el ministro de Seguridad, Pedro Prodromos, en representaci\u00f3n del pueblo de Santa Cruz dieron la bienvenida a estas tierras.<img decoding=\"async\" class=\"alignnone size-large wp-image-13094 lazyload\" data-src=\"https:\/\/ecosdelsur.com\/wp-content\/uploads\/2024\/01\/413034251_916747886477049_7705318871449708739_n-1024x697.jpg\" alt=\"\" width=\"800\" height=\"545\" data-srcset=\"https:\/\/ecosdelsur.com\/wp-content\/uploads\/2024\/01\/413034251_916747886477049_7705318871449708739_n-scaled.jpg 1024w, https:\/\/ecosdelsur.com\/wp-content\/uploads\/2024\/01\/413034251_916747886477049_7705318871449708739_n-300x204.jpg 300w, https:\/\/ecosdelsur.com\/wp-content\/uploads\/2024\/01\/413034251_916747886477049_7705318871449708739_n-768x522.jpg 768w, https:\/\/ecosdelsur.com\/wp-content\/uploads\/2024\/01\/413034251_916747886477049_7705318871449708739_n-1536x1045.jpg 1536w, https:\/\/ecosdelsur.com\/wp-content\/uploads\/2024\/01\/413034251_916747886477049_7705318871449708739_n-130x90.jpg 130w\" data-sizes=\"(max-width: 800px) 100vw, 800px\" src=\"data:image\/svg+xml;base64,PHN2ZyB3aWR0aD0iMSIgaGVpZ2h0PSIxIiB4bWxucz0iaHR0cDovL3d3dy53My5vcmcvMjAwMC9zdmciPjwvc3ZnPg==\" style=\"--smush-placeholder-width: 800px; --smush-placeholder-aspect-ratio: 800\/545;\" \/><\/p>\n<p>Posteriormente, se trasladaron hasta el hotel Amerian, lugar donde pernoctaran los funcionarios nacionales y en el cu\u00e1l el presidente Milei dialog\u00f3 con el gobernador Claudio Vidal y recibi\u00f3 una serie de presentes.<img decoding=\"async\" class=\"alignnone size-large wp-image-13096 lazyload\" data-src=\"https:\/\/ecosdelsur.com\/wp-content\/uploads\/2024\/01\/413039642_916747609810410_1311458009950002529_n-1024x701.jpg\" alt=\"\" width=\"800\" height=\"548\" data-srcset=\"https:\/\/ecosdelsur.com\/wp-content\/uploads\/2024\/01\/413039642_916747609810410_1311458009950002529_n-scaled.jpg 1024w, https:\/\/ecosdelsur.com\/wp-content\/uploads\/2024\/01\/413039642_916747609810410_1311458009950002529_n-300x205.jpg 300w, https:\/\/ecosdelsur.com\/wp-content\/uploads\/2024\/01\/413039642_916747609810410_1311458009950002529_n-768x526.jpg 768w, https:\/\/ecosdelsur.com\/wp-content\/uploads\/2024\/01\/413039642_916747609810410_1311458009950002529_n-1536x1052.jpg 1536w, https:\/\/ecosdelsur.com\/wp-content\/uploads\/2024\/01\/413039642_916747609810410_1311458009950002529_n-130x90.jpg 130w\" data-sizes=\"(max-width: 800px) 100vw, 800px\" src=\"data:image\/svg+xml;base64,PHN2ZyB3aWR0aD0iMSIgaGVpZ2h0PSIxIiB4bWxucz0iaHR0cDovL3d3dy53My5vcmcvMjAwMC9zdmciPjwvc3ZnPg==\" style=\"--smush-placeholder-width: 800px; --smush-placeholder-aspect-ratio: 800\/548;\" \/><\/p>\n<p>Es importante, resaltar que la comunidad santacruce\u00f1a se hizo presente en la Autov\u00eda, en las inmediaciones de la estaci\u00f3n aeroportuaria y el hotel para expresar su saludo y acompa\u00f1amiento al mandatario nacional.<\/p>\n<p>Se estima que ma\u00f1ana, a las 6 hs. la comitiva despegue desde la Base de la Fuerza A\u00e9rea con destino a la Base Marambio, en un vuelo que demandar\u00e1 cerca de tres horas y media de duraci\u00f3n.<\/p>\n<p>&nbsp;<\/p>\n<\/div>\n","protected":false},"excerpt":{"rendered":"<p>05\/01\/2023- La comitiva encabezada por el presidente Javier Milei lleg\u00f3 esta noche al Aeropuerto Norberto Fern\u00e1ndez de la ciudad de<\/p>\n","protected":false},"author":8,"featured_media":13093,"comment_status":"open","ping_status":"closed","sticky":false,"template":"","format":"standard","meta":{"footnotes":""},"categories":[33],"tags":[],"class_list":["post-13085","post","type-post","status-publish","format-standard","has-post-thumbnail","hentry","category-politica"],"_links":{"self":[{"href":"https:\/\/ecosdelsur.com\/index.php?rest_route=\/wp\/v2\/posts\/13085","targetHints":{"allow":["GET"]}}],"collection":[{"href":"https:\/\/ecosdelsur.com\/index.php?rest_route=\/wp\/v2\/posts"}],"about":[{"href":"https:\/\/ecosdelsur.com\/index.php?rest_route=\/wp\/v2\/types\/post"}],"author":[{"embeddable":true,"href":"https:\/\/ecosdelsur.com\/index.php?rest_route=\/wp\/v2\/users\/8"}],"replies":[{"embeddable":true,"href":"https:\/\/ecosdelsur.com\/index.php?rest_route=%2Fwp%2Fv2%2Fcomments&post=13085"}],"version-history":[{"count":0,"href":"https:\/\/ecosdelsur.com\/index.php?rest_route=\/wp\/v2\/posts\/13085\/revisions"}],"wp:featuredmedia":[{"embeddable":true,"href":"https:\/\/ecosdelsur.com\/index.php?rest_route=\/wp\/v2\/media\/13093"}],"wp:attachment":[{"href":"https:\/\/ecosdelsur.com\/index.php?rest_route=%2Fwp%2Fv2%2Fmedia&parent=13085"}],"wp:term":[{"taxonomy":"category","embeddable":true,"href":"https:\/\/ecosdelsur.com\/index.php?rest_route=%2Fwp%2Fv2%2Fcategories&post=13085"},{"taxonomy":"post_tag","embeddable":true,"href":"https:\/\/ecosdelsur.com\/index.php?rest_route=%2Fwp%2Fv2%2Ftags&post=13085"}],"curies":[{"name":"wp","href":"https:\/\/api.w.org\/{rel}","templated":true}]}}