{"id":13080,"date":"2024-01-06T03:05:56","date_gmt":"2024-01-06T03:05:56","guid":{"rendered":"https:\/\/ecosdelsur.com\/?p=13080"},"modified":"2024-01-06T03:05:56","modified_gmt":"2024-01-06T03:05:56","slug":"detienen-a-un-hombre-autor-de-un-robo-con-arma-blanca","status":"publish","type":"post","link":"https:\/\/ecosdelsur.com\/?p=13080","title":{"rendered":"Detienen a un hombre autor de un robo con arma blanca"},"content":{"rendered":"<p>El hecho es por robo calificado en el local \u201cLa Acade\u201d, ubicado en calle Belgrano y Perito Moreno de la localidad Pico Truncado.<\/p>\n<p>La Divisi\u00f3n de Investigaciones de Pico Truncado, procedi\u00f3 en horas de la ma\u00f1ana de este viernes, a la detenci\u00f3n de una persona de sexo masculino mayor de edad, oriundo de la ciudad de Pico Truncado. Dicha diligencia procesal hab\u00eda sido ordenada por el Juzgado de Instrucci\u00f3n Nro. Uno de Pico Truncado a cargo del Dr. Leonardo Pablo Cimini, en relaci\u00f3n a un hecho de Robo Calificado ocurrido el 19 de Diciembre pasado en el local comercial denominado \u201cLa Acade\u201d.<\/p>\n<p>All\u00ed mediante la utilizaci\u00f3n de arma blanca, el hombre amenaz\u00f3 e intent\u00f3 agredir a la encargada del local, logrando llevarse dinero en efectivo de la caja registradora. Asimismo se ejecutaron dos \u00f3rdenes de Allanamiento, uno en calle Jos\u00e9 Fuchs al 1000 y el restante en calle Saavedra al 100 de Pico Truncado, donde se obtuvo como resultado el Secuestro de prendas de vestir similares a las observadas en secuencias f\u00edlmicas obtenidas por personal de la DDI de Pico Truncado.<\/p>\n<p><img decoding=\"async\" class=\"alignnone size-large wp-image-13082 lazyload\" data-src=\"https:\/\/ecosdelsur.com\/wp-content\/uploads\/2024\/01\/WhatsApp-Image-2024-01-05-at-5.29.54-PM-1024x535.jpeg\" alt=\"\" width=\"800\" height=\"418\" data-srcset=\"https:\/\/ecosdelsur.com\/wp-content\/uploads\/2024\/01\/WhatsApp-Image-2024-01-05-at-5.29.54-PM-scaled.jpeg 1024w, https:\/\/ecosdelsur.com\/wp-content\/uploads\/2024\/01\/WhatsApp-Image-2024-01-05-at-5.29.54-PM-300x157.jpeg 300w, https:\/\/ecosdelsur.com\/wp-content\/uploads\/2024\/01\/WhatsApp-Image-2024-01-05-at-5.29.54-PM-768x401.jpeg 768w, https:\/\/ecosdelsur.com\/wp-content\/uploads\/2024\/01\/WhatsApp-Image-2024-01-05-at-5.29.54-PM-390x205.jpeg 390w\" data-sizes=\"(max-width: 800px) 100vw, 800px\" src=\"data:image\/svg+xml;base64,PHN2ZyB3aWR0aD0iMSIgaGVpZ2h0PSIxIiB4bWxucz0iaHR0cDovL3d3dy53My5vcmcvMjAwMC9zdmciPjwvc3ZnPg==\" style=\"--smush-placeholder-width: 800px; --smush-placeholder-aspect-ratio: 800\/418;\" \/><\/p>\n<p>Particip\u00f3 personal de Fuerzas Especiales Zona Norte y personal de la Divisi\u00f3n Comisaria Primera de Pico Truncado, con la supervisi\u00f3n del Ministerio de Seguridad.<\/p>\n","protected":false},"excerpt":{"rendered":"<p>El hecho es por robo calificado en el local \u201cLa Acade\u201d, ubicado en calle Belgrano y Perito Moreno de la<\/p>\n","protected":false},"author":8,"featured_media":13081,"comment_status":"open","ping_status":"closed","sticky":false,"template":"","format":"standard","meta":{"footnotes":""},"categories":[36],"tags":[205,61],"class_list":["post-13080","post","type-post","status-publish","format-standard","has-post-thumbnail","hentry","category-policiales","tag-pico-truncado","tag-policiales"],"_links":{"self":[{"href":"https:\/\/ecosdelsur.com\/index.php?rest_route=\/wp\/v2\/posts\/13080","targetHints":{"allow":["GET"]}}],"collection":[{"href":"https:\/\/ecosdelsur.com\/index.php?rest_route=\/wp\/v2\/posts"}],"about":[{"href":"https:\/\/ecosdelsur.com\/index.php?rest_route=\/wp\/v2\/types\/post"}],"author":[{"embeddable":true,"href":"https:\/\/ecosdelsur.com\/index.php?rest_route=\/wp\/v2\/users\/8"}],"replies":[{"embeddable":true,"href":"https:\/\/ecosdelsur.com\/index.php?rest_route=%2Fwp%2Fv2%2Fcomments&post=13080"}],"version-history":[{"count":0,"href":"https:\/\/ecosdelsur.com\/index.php?rest_route=\/wp\/v2\/posts\/13080\/revisions"}],"wp:featuredmedia":[{"embeddable":true,"href":"https:\/\/ecosdelsur.com\/index.php?rest_route=\/wp\/v2\/media\/13081"}],"wp:attachment":[{"href":"https:\/\/ecosdelsur.com\/index.php?rest_route=%2Fwp%2Fv2%2Fmedia&parent=13080"}],"wp:term":[{"taxonomy":"category","embeddable":true,"href":"https:\/\/ecosdelsur.com\/index.php?rest_route=%2Fwp%2Fv2%2Fcategories&post=13080"},{"taxonomy":"post_tag","embeddable":true,"href":"https:\/\/ecosdelsur.com\/index.php?rest_route=%2Fwp%2Fv2%2Ftags&post=13080"}],"curies":[{"name":"wp","href":"https:\/\/api.w.org\/{rel}","templated":true}]}}