{"id":13077,"date":"2024-01-05T20:22:05","date_gmt":"2024-01-05T20:22:05","guid":{"rendered":"https:\/\/ecosdelsur.com\/?p=13077"},"modified":"2024-01-05T20:22:26","modified_gmt":"2024-01-05T20:22:26","slug":"vidal-busca-salvar-ycrt","status":"publish","type":"post","link":"https:\/\/ecosdelsur.com\/?p=13077","title":{"rendered":"Vidal busca salvar YCRT"},"content":{"rendered":"<p><span style=\"font-size: 16px;\">05\/01\/2023- Les pidi\u00f3 al nuevo interventor Thierry Decoud y a varios ministros del Gobierno Nacional, trabajar en un acuerdo de productividad que permita sostener la mina de carb\u00f3n.<img decoding=\"async\" class=\"alignnone size-full wp-image-13078 lazyload\" data-src=\"https:\/\/ecosdelsur.com\/wp-content\/uploads\/2024\/01\/5b7c7955c5c14fb8767a8a2026e71f26_XL.jpg\" alt=\"\" width=\"750\" height=\"404\" data-srcset=\"https:\/\/ecosdelsur.com\/wp-content\/uploads\/2024\/01\/5b7c7955c5c14fb8767a8a2026e71f26_XL.jpg 750w, https:\/\/ecosdelsur.com\/wp-content\/uploads\/2024\/01\/5b7c7955c5c14fb8767a8a2026e71f26_XL-300x162.jpg 300w\" data-sizes=\"(max-width: 750px) 100vw, 750px\" src=\"data:image\/svg+xml;base64,PHN2ZyB3aWR0aD0iMSIgaGVpZ2h0PSIxIiB4bWxucz0iaHR0cDovL3d3dy53My5vcmcvMjAwMC9zdmciPjwvc3ZnPg==\" style=\"--smush-placeholder-width: 750px; --smush-placeholder-aspect-ratio: 750\/404;\" \/><\/span><\/p>\n<div class=\"itemFullText\">\n<p>El gobernador de la provincia de Santa Cruz, Claudio Vidal, se comunic\u00f3 con el nuevo interventor de Yacimientos Carbon\u00edferos R\u00edo Turbio (YCRT), Thierry Decoud, para trabajar en un acuerdo de productividad que permita aumentar los niveles y sostenga el futuro de la mina.<\/p>\n<p>El mismo mensaje les transmiti\u00f3 a varios Ministros del Gabinete Nacional, a quienes les pidi\u00f3 \u201cresponsabilidad al momento de administrar los recursos econ\u00f3micos del presupuesto\u201d.<\/p>\n<p>Las gestiones del mandatario santacruce\u00f1o suceden en medio de rumores de despidos y ajuste en un sector clave de la econom\u00eda provincial.<\/p>\n<p>Vidal recomend\u00f3 \u201cgenerar valor agregado con la ceniza que genera la usina, a trav\u00e9s de la quema del carb\u00f3n para generar energ\u00eda; buscar mercados en el exterior para exportar carb\u00f3n\u201d; y pidi\u00f3 que \u201ctengan en cuenta que es la \u00fanica empresa de la cuenca carbon\u00edfera ubicada en un paso fronterizo con Chile\u201d.<\/p>\n<p>Sostuvo que \u201cYCRT es todo para los pueblos de R\u00edo Turbio, 28 de noviembre y Julia Dufour, que constituyen la cuenca carbon\u00edfera \u00a0de la provincia. Si se acaba YCRT estamos tres comunidades.\u201d<\/p>\n<p>Adem\u00e1s solicit\u00f3 trabajar en un proyecto que permita reestructurar el muelle de Punta Loyola donde funciona YCF.<\/p>\n<p>Para Vidal, \u201cla mina y la usina han demostrado su capacidad, YCRT est\u00e1 en condiciones de producir energ\u00eda y aportarla al sistema interconectado si se realizan las inversiones correspondientes y se administra correctamente. El carb\u00f3n es un recurso estrat\u00e9gico. La mina tiene carb\u00f3n para proveer al sistema por los pr\u00f3ximos 400 a\u00f1os y es clave para el desarrollo de la zona. El pa\u00eds tiene un d\u00e9ficit de energ\u00eda que podr\u00eda solucionarse en parte si la mina y la usina funcionaran en su m\u00e1xima potencia\u201d.<\/p>\n<\/div>\n","protected":false},"excerpt":{"rendered":"<p>05\/01\/2023- Les pidi\u00f3 al nuevo interventor Thierry Decoud y a varios ministros del Gobierno Nacional, trabajar en un acuerdo de<\/p>\n","protected":false},"author":8,"featured_media":13078,"comment_status":"open","ping_status":"closed","sticky":false,"template":"","format":"standard","meta":{"footnotes":""},"categories":[1],"tags":[],"class_list":["post-13077","post","type-post","status-publish","format-standard","has-post-thumbnail","hentry","category-uncategorized"],"_links":{"self":[{"href":"https:\/\/ecosdelsur.com\/index.php?rest_route=\/wp\/v2\/posts\/13077","targetHints":{"allow":["GET"]}}],"collection":[{"href":"https:\/\/ecosdelsur.com\/index.php?rest_route=\/wp\/v2\/posts"}],"about":[{"href":"https:\/\/ecosdelsur.com\/index.php?rest_route=\/wp\/v2\/types\/post"}],"author":[{"embeddable":true,"href":"https:\/\/ecosdelsur.com\/index.php?rest_route=\/wp\/v2\/users\/8"}],"replies":[{"embeddable":true,"href":"https:\/\/ecosdelsur.com\/index.php?rest_route=%2Fwp%2Fv2%2Fcomments&post=13077"}],"version-history":[{"count":0,"href":"https:\/\/ecosdelsur.com\/index.php?rest_route=\/wp\/v2\/posts\/13077\/revisions"}],"wp:featuredmedia":[{"embeddable":true,"href":"https:\/\/ecosdelsur.com\/index.php?rest_route=\/wp\/v2\/media\/13078"}],"wp:attachment":[{"href":"https:\/\/ecosdelsur.com\/index.php?rest_route=%2Fwp%2Fv2%2Fmedia&parent=13077"}],"wp:term":[{"taxonomy":"category","embeddable":true,"href":"https:\/\/ecosdelsur.com\/index.php?rest_route=%2Fwp%2Fv2%2Fcategories&post=13077"},{"taxonomy":"post_tag","embeddable":true,"href":"https:\/\/ecosdelsur.com\/index.php?rest_route=%2Fwp%2Fv2%2Ftags&post=13077"}],"curies":[{"name":"wp","href":"https:\/\/api.w.org\/{rel}","templated":true}]}}