{"id":1307,"date":"2023-05-13T03:29:45","date_gmt":"2023-05-13T03:29:45","guid":{"rendered":"https:\/\/ecosdelsur.com\/?p=1307"},"modified":"2023-05-13T03:29:56","modified_gmt":"2023-05-13T03:29:56","slug":"este-fin-de-semana-se-viene-la-5-edicion-del-club-de-emprendedores","status":"publish","type":"post","link":"https:\/\/ecosdelsur.com\/?p=1307","title":{"rendered":"Este fin de semana se viene la 5\u00b0 edici\u00f3n del &#8220;Club de Emprendedores&#8221;\u00a0"},"content":{"rendered":"<p class=\"yiv7583327967MsoNormal\"><i><span class=\"yiv7583327967ContentPasted0\">Bajo el lema \u201cCaleta en Producci\u00f3n\u201d se desarrollar\u00e1 una nueva edici\u00f3n el pr\u00f3ximo 13 y 14 de mayo de 16 a 22 horas en la Uni\u00f3n Vecinal del Barrio Mirador. La entrada ser\u00e1 gratuita y abierta a la comunidad.\u00a0<\/span><\/i><\/p>\n<p class=\"yiv7583327967MsoNormal\"><i>\u00a0<\/i><\/p>\n<p class=\"yiv7583327967MsoNormal\"><span class=\"yiv7583327967ContentPasted0\"><i><span class=\"yiv7583327967ContentPasted1\">En este evento que en cada realizaci\u00f3n convoca m\u00e1s p\u00fablico,\u00a0<\/span><\/i>se podr\u00e1n apreciar una amplia gama de propuestas que incluir\u00e1n producciones en artesan\u00edas, gastronom\u00eda, indumentaria, servicios, reventas (productos no competitivos), deco y bienestar, entre otros.\u00a0<\/span><\/p>\n<p class=\"yiv7583327967MsoNormal\"><span class=\"yiv7583327967ContentPasted0\">De esta manera, el Municipio a trav\u00e9s de la Secretar\u00eda de Producci\u00f3n contin\u00faa fortaleciendo la econom\u00eda independiente que permite impulsar los ingresos, el empleo local y el desarrollo econ\u00f3mico y sustentable de la comunidad caletense.\u00a0<\/span><\/p>\n<p class=\"yiv7583327967MsoNormal\"><span class=\"yiv7583327967ContentPasted0\">Al respecto, Tania Sasso, secretaria de Producci\u00f3n, explic\u00f3 que esta es una pol\u00edtica p\u00fablica que tiene la intenci\u00f3n de acompa\u00f1ar a todas aquellas personas que deciden tener un trabajo independiente.\u00a0<\/span><\/p>\n<p class=\"yiv7583327967MsoNormal\"><b><i><span class=\"yiv7583327967ContentPasted0\">\u201cTendremos 100 stands con diversos productos y muchas sorpresas; as\u00ed que los invitamos a conocer la valiosa producci\u00f3n que tenemos en Caleta Olivia. Tambi\u00e9n instamos a que otros productores se sumen para que podamos apoyarlos en su desarrollo\u201d<\/span><\/i><\/b><span class=\"yiv7583327967ContentPasted0\">, cerr\u00f3. \u00a0<\/span><\/p>\n<p class=\"yiv7583327967MsoNormal\"><span class=\"yiv7583327967ContentPasted0\">Por otro lado, Ana Mar\u00eda Vejar, integrante del Club de Emprendedores, mencion\u00f3 que se presentar\u00e1 con tejidos a crochet. \u00a0<\/span><\/p>\n<p class=\"yiv7583327967MsoNormal\"><b><i><span class=\"yiv7583327967ContentPasted0\">&#8220;Tenemos almohadones, cortinas, m\u00e1ndalas, atrapasue\u00f1os y todo lo relacionado con la decoraci\u00f3n del hogar. La verdad que estos encuentros son muy beneficiosos para todos y estamos muy agradecidos\u201d,<\/span><\/i><\/b><span class=\"yiv7583327967ContentPasted0\">\u00a0culmin\u00f3.\u00a0<\/span><\/p>\n<p class=\"yiv7583327967MsoNormal\"><span class=\"yiv7583327967ContentPasted0 yiv7583327967ContentPasted2\">Esta gesti\u00f3n municipal, en una tarea intensa y permanente, ha logrado un crecimiento notable alcanzando a reunir m\u00e1s de 300 emprendedores y emprendedoras, impuls\u00e1ndolos y acompa\u00f1\u00e1ndolos en el quehacer diario de la actividad, generando que m\u00e1s ciudadanos se animen a lanzar una nueva propuesta. \u00a0<\/span><\/p>\n","protected":false},"excerpt":{"rendered":"<p>Bajo el lema \u201cCaleta en Producci\u00f3n\u201d se desarrollar\u00e1 una nueva edici\u00f3n el pr\u00f3ximo 13 y 14 de mayo de 16<\/p>\n","protected":false},"author":8,"featured_media":1308,"comment_status":"open","ping_status":"closed","sticky":false,"template":"","format":"standard","meta":{"footnotes":""},"categories":[35],"tags":[],"class_list":["post-1307","post","type-post","status-publish","format-standard","has-post-thumbnail","hentry","category-sociedad"],"_links":{"self":[{"href":"https:\/\/ecosdelsur.com\/index.php?rest_route=\/wp\/v2\/posts\/1307","targetHints":{"allow":["GET"]}}],"collection":[{"href":"https:\/\/ecosdelsur.com\/index.php?rest_route=\/wp\/v2\/posts"}],"about":[{"href":"https:\/\/ecosdelsur.com\/index.php?rest_route=\/wp\/v2\/types\/post"}],"author":[{"embeddable":true,"href":"https:\/\/ecosdelsur.com\/index.php?rest_route=\/wp\/v2\/users\/8"}],"replies":[{"embeddable":true,"href":"https:\/\/ecosdelsur.com\/index.php?rest_route=%2Fwp%2Fv2%2Fcomments&post=1307"}],"version-history":[{"count":0,"href":"https:\/\/ecosdelsur.com\/index.php?rest_route=\/wp\/v2\/posts\/1307\/revisions"}],"wp:featuredmedia":[{"embeddable":true,"href":"https:\/\/ecosdelsur.com\/index.php?rest_route=\/wp\/v2\/media\/1308"}],"wp:attachment":[{"href":"https:\/\/ecosdelsur.com\/index.php?rest_route=%2Fwp%2Fv2%2Fmedia&parent=1307"}],"wp:term":[{"taxonomy":"category","embeddable":true,"href":"https:\/\/ecosdelsur.com\/index.php?rest_route=%2Fwp%2Fv2%2Fcategories&post=1307"},{"taxonomy":"post_tag","embeddable":true,"href":"https:\/\/ecosdelsur.com\/index.php?rest_route=%2Fwp%2Fv2%2Ftags&post=1307"}],"curies":[{"name":"wp","href":"https:\/\/api.w.org\/{rel}","templated":true}]}}