{"id":13069,"date":"2024-01-05T19:57:00","date_gmt":"2024-01-05T19:57:00","guid":{"rendered":"https:\/\/ecosdelsur.com\/?p=13069"},"modified":"2024-01-05T19:57:39","modified_gmt":"2024-01-05T19:57:39","slug":"nuevo-horario-de-funcionamiento-en-la-sede-administrativa-de-transito-municipal","status":"publish","type":"post","link":"https:\/\/ecosdelsur.com\/?p=13069","title":{"rendered":"Nuevo horario de funcionamiento en la sede administrativa de Tr\u00e1nsito Municipal"},"content":{"rendered":"<p>05\/01\/2024- A partir del pr\u00f3ximo lunes 08 de enero, y durante la temporada estival, la Supervisi\u00f3n de Tr\u00e1nsito y Transporte Municipal ajustar\u00e1 sus horarios de atenci\u00f3n al p\u00fablico atento a las din\u00e1micas propias del periodo.<img decoding=\"async\" class=\"alignnone size-full wp-image-13065 lazyload\" data-src=\"https:\/\/ecosdelsur.com\/wp-content\/uploads\/2024\/01\/WhatsApp-Image-2024-01-05-at-15.36.32.jpeg\" alt=\"\" width=\"800\" height=\"456\" data-srcset=\"https:\/\/ecosdelsur.com\/wp-content\/uploads\/2024\/01\/WhatsApp-Image-2024-01-05-at-15.36.32.jpeg 800w, https:\/\/ecosdelsur.com\/wp-content\/uploads\/2024\/01\/WhatsApp-Image-2024-01-05-at-15.36.32-300x171.jpeg 300w, https:\/\/ecosdelsur.com\/wp-content\/uploads\/2024\/01\/WhatsApp-Image-2024-01-05-at-15.36.32-768x438.jpeg 768w\" data-sizes=\"(max-width: 800px) 100vw, 800px\" src=\"data:image\/svg+xml;base64,PHN2ZyB3aWR0aD0iMSIgaGVpZ2h0PSIxIiB4bWxucz0iaHR0cDovL3d3dy53My5vcmcvMjAwMC9zdmciPjwvc3ZnPg==\" style=\"--smush-placeholder-width: 800px; --smush-placeholder-aspect-ratio: 800\/456;\" \/><\/p>\n<p>H\u00e9ctor Ramos, Supervisor del \u00e1rea anunci\u00f3 que el nuevo horario que tendr\u00e1 el funcionamiento administrativo, ubicado en planta baja del edificio SUPE, ser\u00e1 de 8 a 13 horas, con atenci\u00f3n por orden de llegada.<br \/>\n\u201cSe van a poder desarrollar en esa franja horaria todos los tr\u00e1mites de licencia de conductor, transporte, libre de deuda y todas las cuestiones inherentes al \u00e1rea\u201d, detall\u00f3.<img decoding=\"async\" class=\"alignnone size-full wp-image-13066 lazyload\" data-src=\"https:\/\/ecosdelsur.com\/wp-content\/uploads\/2024\/01\/WhatsApp-Image-2024-01-05-at-15.36.33.jpeg\" alt=\"\" width=\"800\" height=\"453\" data-srcset=\"https:\/\/ecosdelsur.com\/wp-content\/uploads\/2024\/01\/WhatsApp-Image-2024-01-05-at-15.36.33.jpeg 800w, https:\/\/ecosdelsur.com\/wp-content\/uploads\/2024\/01\/WhatsApp-Image-2024-01-05-at-15.36.33-300x170.jpeg 300w, https:\/\/ecosdelsur.com\/wp-content\/uploads\/2024\/01\/WhatsApp-Image-2024-01-05-at-15.36.33-768x435.jpeg 768w\" data-sizes=\"(max-width: 800px) 100vw, 800px\" src=\"data:image\/svg+xml;base64,PHN2ZyB3aWR0aD0iMSIgaGVpZ2h0PSIxIiB4bWxucz0iaHR0cDovL3d3dy53My5vcmcvMjAwMC9zdmciPjwvc3ZnPg==\" style=\"--smush-placeholder-width: 800px; --smush-placeholder-aspect-ratio: 800\/453;\" \/><\/p>\n<p>Seg\u00fan explic\u00f3, la modificaci\u00f3n obedece por una parte, a que la mayor demanda de los contribuyentes durante este periodo se concentra en la ma\u00f1ana, y por otra, la reorganizaci\u00f3n del personal en raz\u00f3n de la disminuci\u00f3n por licencias anuales.<\/p>\n<p>Ramos, inform\u00f3 que actualmente se emiten entre 100 y 120 licencias diarias y resalt\u00f3 que continuar\u00e1n garantizando el funcionamiento. Tambi\u00e9n aclar\u00f3 que, hasta el momento, no se han producido cambios para su tramitaci\u00f3n y se contin\u00faa solicitando la presentaci\u00f3n del CENAT (Certificado Nacional de Antecedentes de Tr\u00e1nsito), por un valor de $1.800.<\/p>\n<p>En cuanto a la tramitaci\u00f3n, destac\u00f3 la rapidez en el proceso para licencias vencidas con menos de tres meses, pudiendo obtenerse la renovaci\u00f3n en el transcurso del d\u00eda o al d\u00eda siguiente, siempre que se cumplan los requisitos, incluyendo la presentaci\u00f3n del certificado de Cumplimiento Fiscal.<br \/>\nEn el caso de ampliaci\u00f3n de licencias, como pasar de categor\u00eda B a E o D, o para conducir maquinaria, implica un proceso m\u00e1s extenso debido a la necesidad de cursos espec\u00edficos.<br \/>\nPor \u00faltimo, comunic\u00f3 que si bien el sistema inform\u00e1tico nacional opera con normalidad, pueden surgir inconvenientes por actualizaciones que se pueden prever, o por otras que obligan a suspender moment\u00e1neamente la emisi\u00f3n, \u201cpedimos a la comunidad que tenga paciencia cuando estas cuestiones pasan, son ajenas a nosotros\u201d, expres\u00f3.<\/p>\n","protected":false},"excerpt":{"rendered":"<p>05\/01\/2024- A partir del pr\u00f3ximo lunes 08 de enero, y durante la temporada estival, la Supervisi\u00f3n de Tr\u00e1nsito y Transporte<\/p>\n","protected":false},"author":8,"featured_media":13064,"comment_status":"open","ping_status":"closed","sticky":false,"template":"","format":"standard","meta":{"footnotes":""},"categories":[90,40],"tags":[],"class_list":["post-13069","post","type-post","status-publish","format-standard","has-post-thumbnail","hentry","category-educacion-2","category-municipales"],"_links":{"self":[{"href":"https:\/\/ecosdelsur.com\/index.php?rest_route=\/wp\/v2\/posts\/13069","targetHints":{"allow":["GET"]}}],"collection":[{"href":"https:\/\/ecosdelsur.com\/index.php?rest_route=\/wp\/v2\/posts"}],"about":[{"href":"https:\/\/ecosdelsur.com\/index.php?rest_route=\/wp\/v2\/types\/post"}],"author":[{"embeddable":true,"href":"https:\/\/ecosdelsur.com\/index.php?rest_route=\/wp\/v2\/users\/8"}],"replies":[{"embeddable":true,"href":"https:\/\/ecosdelsur.com\/index.php?rest_route=%2Fwp%2Fv2%2Fcomments&post=13069"}],"version-history":[{"count":0,"href":"https:\/\/ecosdelsur.com\/index.php?rest_route=\/wp\/v2\/posts\/13069\/revisions"}],"wp:featuredmedia":[{"embeddable":true,"href":"https:\/\/ecosdelsur.com\/index.php?rest_route=\/wp\/v2\/media\/13064"}],"wp:attachment":[{"href":"https:\/\/ecosdelsur.com\/index.php?rest_route=%2Fwp%2Fv2%2Fmedia&parent=13069"}],"wp:term":[{"taxonomy":"category","embeddable":true,"href":"https:\/\/ecosdelsur.com\/index.php?rest_route=%2Fwp%2Fv2%2Fcategories&post=13069"},{"taxonomy":"post_tag","embeddable":true,"href":"https:\/\/ecosdelsur.com\/index.php?rest_route=%2Fwp%2Fv2%2Ftags&post=13069"}],"curies":[{"name":"wp","href":"https:\/\/api.w.org\/{rel}","templated":true}]}}