{"id":13063,"date":"2024-01-05T19:54:08","date_gmt":"2024-01-05T19:54:08","guid":{"rendered":"https:\/\/ecosdelsur.com\/?p=13063"},"modified":"2024-01-05T19:54:08","modified_gmt":"2024-01-05T19:54:08","slug":"el-gobierno-actuo-de-oficio-ante-los-descuentos-anticipados-de-las-tarjetas-de-credito-del-banco-santa-cruz","status":"publish","type":"post","link":"https:\/\/ecosdelsur.com\/?p=13063","title":{"rendered":"El Gobierno actu\u00f3 de oficio ante los descuentos anticipados de las tarjetas de cr\u00e9dito del Banco Santa Cruz"},"content":{"rendered":"<div class=\"not_texto col-xs-12 col-sm-12 col-lg-7\"><span style=\"font-size: 16px;\">05\/01\/2023-Tras los cobros anticipados del pasado 30 de diciembre de las tarjetas de cr\u00e9dito a los usuarios del banco provincial, la Secretar\u00eda de Comercio e Industria intim\u00f3 a la agencia del Banco Santa Cruz a fines de conocer los motivos de dicho accionar que perjudic\u00f3 a gran parte de la poblaci\u00f3n. <img decoding=\"async\" class=\"size-full wp-image-13067 alignright lazyload\" data-src=\"https:\/\/ecosdelsur.com\/wp-content\/uploads\/2024\/01\/WhatsApp_Image_2024-01-04_at_17.49.38-2.jpeg\" alt=\"\" width=\"569\" height=\"325\" data-srcset=\"https:\/\/ecosdelsur.com\/wp-content\/uploads\/2024\/01\/WhatsApp_Image_2024-01-04_at_17.49.38-2.jpeg 569w, https:\/\/ecosdelsur.com\/wp-content\/uploads\/2024\/01\/WhatsApp_Image_2024-01-04_at_17.49.38-2-300x171.jpeg 300w\" data-sizes=\"(max-width: 569px) 100vw, 569px\" src=\"data:image\/svg+xml;base64,PHN2ZyB3aWR0aD0iMSIgaGVpZ2h0PSIxIiB4bWxucz0iaHR0cDovL3d3dy53My5vcmcvMjAwMC9zdmciPjwvc3ZnPg==\" style=\"--smush-placeholder-width: 569px; --smush-placeholder-aspect-ratio: 569\/325;\" \/><\/span><\/p>\n<div class=\"itemFullText\">\n<p>En un contexto econ\u00f3mico sensible, el d\u00eda anterior al festejo de a\u00f1o nuevo, fecha en la cual los recursos se destinan a tal celebraci\u00f3n, sin previo aviso la entidad bancaria descont\u00f3 los pagos que deb\u00edan ser cobrados el d\u00eda 2 de enero del 2024.<\/p>\n<p>Con las cuentas en rojo, muchos vecinos y vecinas manifestaron su descontento a trav\u00e9s de las redes sociales. En consecuencia, la Secretar\u00eda de Comercio de Industria intervino inmediatamente y solicit\u00f3 informaci\u00f3n sobre la inmovilizaci\u00f3n de los fondos previos a la fecha del vencimiento.<\/p>\n<p>Por su parte, el intimado argument\u00f3 que los bancos solo se encuentran operativos los d\u00edas h\u00e1biles y que los vencimientos de las tarjetas de cr\u00e9dito se definen con sus administradores, Visa\/ Mastercard. As\u00ed mismo, se comprometieron a tomar todos los recaudos con los administradores de las tarjetas de cr\u00e9dito en una pr\u00f3xima eventualidad, para evitar afectar a sus clientes e informaron que ser\u00e1n condonados los intereses compensatorios y punitorios para quienes no hubieran abonado el saldo antes de la fecha estimada de cobro, el 5 de enero del corriente a\u00f1o.<\/p>\n<\/div>\n<div class=\"clr\"><\/div>\n<\/div>\n<div class=\"not_mas col-xs-12 col-sm-12 col-lg-5\">\n<div class=\"not_galeria\">\n<div class=\"itemImageGallery\"><\/div>\n<\/div>\n<\/div>\n","protected":false},"excerpt":{"rendered":"<p>05\/01\/2023-Tras los cobros anticipados del pasado 30 de diciembre de las tarjetas de cr\u00e9dito a los usuarios del banco provincial,<\/p>\n","protected":false},"author":8,"featured_media":13067,"comment_status":"open","ping_status":"closed","sticky":false,"template":"","format":"standard","meta":{"footnotes":""},"categories":[34],"tags":[],"class_list":["post-13063","post","type-post","status-publish","format-standard","has-post-thumbnail","hentry","category-economia"],"_links":{"self":[{"href":"https:\/\/ecosdelsur.com\/index.php?rest_route=\/wp\/v2\/posts\/13063","targetHints":{"allow":["GET"]}}],"collection":[{"href":"https:\/\/ecosdelsur.com\/index.php?rest_route=\/wp\/v2\/posts"}],"about":[{"href":"https:\/\/ecosdelsur.com\/index.php?rest_route=\/wp\/v2\/types\/post"}],"author":[{"embeddable":true,"href":"https:\/\/ecosdelsur.com\/index.php?rest_route=\/wp\/v2\/users\/8"}],"replies":[{"embeddable":true,"href":"https:\/\/ecosdelsur.com\/index.php?rest_route=%2Fwp%2Fv2%2Fcomments&post=13063"}],"version-history":[{"count":0,"href":"https:\/\/ecosdelsur.com\/index.php?rest_route=\/wp\/v2\/posts\/13063\/revisions"}],"wp:featuredmedia":[{"embeddable":true,"href":"https:\/\/ecosdelsur.com\/index.php?rest_route=\/wp\/v2\/media\/13067"}],"wp:attachment":[{"href":"https:\/\/ecosdelsur.com\/index.php?rest_route=%2Fwp%2Fv2%2Fmedia&parent=13063"}],"wp:term":[{"taxonomy":"category","embeddable":true,"href":"https:\/\/ecosdelsur.com\/index.php?rest_route=%2Fwp%2Fv2%2Fcategories&post=13063"},{"taxonomy":"post_tag","embeddable":true,"href":"https:\/\/ecosdelsur.com\/index.php?rest_route=%2Fwp%2Fv2%2Ftags&post=13063"}],"curies":[{"name":"wp","href":"https:\/\/api.w.org\/{rel}","templated":true}]}}