{"id":13057,"date":"2024-01-05T17:17:12","date_gmt":"2024-01-05T17:17:12","guid":{"rendered":"https:\/\/ecosdelsur.com\/?p=13057"},"modified":"2024-01-05T17:17:12","modified_gmt":"2024-01-05T17:17:12","slug":"belarde-recibimos-el-concejo-en-total-abandono-pero-estamos-trabajando-fuertemente-para-mejorarlo","status":"publish","type":"post","link":"https:\/\/ecosdelsur.com\/?p=13057","title":{"rendered":"Belarde: \u201cRecibimos el Concejo en total abandono, pero estamos trabajando fuertemente para mejorarlo\u201d"},"content":{"rendered":"<p>05\/01\/2023- Mediante una entrevista realizada en el programa \u201cLocalizados\u201d, de FM Municipal 87.9 MHz, el Presidente del Concejo Deliberante, Facundo Belarde, coment\u00f3 c\u00f3mo encontr\u00f3 la estructura edilicia y los objetivos que tiene planificado con su equipo de trabajo.<img decoding=\"async\" class=\"alignnone size-full wp-image-13058 lazyload\" data-src=\"https:\/\/ecosdelsur.com\/wp-content\/uploads\/2024\/01\/DSC_1459.jpg\" alt=\"\" width=\"1024\" height=\"589\" data-srcset=\"https:\/\/ecosdelsur.com\/wp-content\/uploads\/2024\/01\/DSC_1459.jpg 1024w, https:\/\/ecosdelsur.com\/wp-content\/uploads\/2024\/01\/DSC_1459-300x173.jpg 300w, https:\/\/ecosdelsur.com\/wp-content\/uploads\/2024\/01\/DSC_1459-768x442.jpg 768w\" data-sizes=\"(max-width: 1024px) 100vw, 1024px\" src=\"data:image\/svg+xml;base64,PHN2ZyB3aWR0aD0iMSIgaGVpZ2h0PSIxIiB4bWxucz0iaHR0cDovL3d3dy53My5vcmcvMjAwMC9zdmciPjwvc3ZnPg==\" style=\"--smush-placeholder-width: 1024px; --smush-placeholder-aspect-ratio: 1024\/589;\" \/><\/p>\n<p>\u201cEstamos trabajando desde el primer d\u00eda, pensando en un Concejo abierto a la comunidad, un Concejo, que en cuanto a su estructura, lamentablemente lo recibimos en total abandono, con varias falencias, pero estamos trabajando fuertemente para mejorarlo\u201d, expres\u00f3 el edil.<img decoding=\"async\" class=\"alignnone size-full wp-image-13060 lazyload\" data-src=\"https:\/\/ecosdelsur.com\/wp-content\/uploads\/2024\/01\/DSC_1481.jpg\" alt=\"\" width=\"1024\" height=\"580\" data-srcset=\"https:\/\/ecosdelsur.com\/wp-content\/uploads\/2024\/01\/DSC_1481.jpg 1024w, https:\/\/ecosdelsur.com\/wp-content\/uploads\/2024\/01\/DSC_1481-300x170.jpg 300w, https:\/\/ecosdelsur.com\/wp-content\/uploads\/2024\/01\/DSC_1481-768x435.jpg 768w\" data-sizes=\"(max-width: 1024px) 100vw, 1024px\" src=\"data:image\/svg+xml;base64,PHN2ZyB3aWR0aD0iMSIgaGVpZ2h0PSIxIiB4bWxucz0iaHR0cDovL3d3dy53My5vcmcvMjAwMC9zdmciPjwvc3ZnPg==\" style=\"--smush-placeholder-width: 1024px; --smush-placeholder-aspect-ratio: 1024\/580;\" \/><\/p>\n<p>En cuanto a las diversas demandas de la comunidad, coment\u00f3 que junto a su equipo se encuentran trabajando en la modificaci\u00f3n de las ordenanzas vigentes que favorecer\u00e1 a los vecinos y vecinas. \u201cHay muchos pedidos de tierras, el ordenamiento con respecto a temas de discapacidad, en la que trabajaremos fuertemente\u201d, remarc\u00f3.<\/p>\n","protected":false},"excerpt":{"rendered":"<p>05\/01\/2023- Mediante una entrevista realizada en el programa \u201cLocalizados\u201d, de FM Municipal 87.9 MHz, el Presidente del Concejo Deliberante, Facundo<\/p>\n","protected":false},"author":8,"featured_media":13059,"comment_status":"open","ping_status":"closed","sticky":false,"template":"","format":"standard","meta":{"footnotes":""},"categories":[33],"tags":[],"class_list":["post-13057","post","type-post","status-publish","format-standard","has-post-thumbnail","hentry","category-politica"],"_links":{"self":[{"href":"https:\/\/ecosdelsur.com\/index.php?rest_route=\/wp\/v2\/posts\/13057","targetHints":{"allow":["GET"]}}],"collection":[{"href":"https:\/\/ecosdelsur.com\/index.php?rest_route=\/wp\/v2\/posts"}],"about":[{"href":"https:\/\/ecosdelsur.com\/index.php?rest_route=\/wp\/v2\/types\/post"}],"author":[{"embeddable":true,"href":"https:\/\/ecosdelsur.com\/index.php?rest_route=\/wp\/v2\/users\/8"}],"replies":[{"embeddable":true,"href":"https:\/\/ecosdelsur.com\/index.php?rest_route=%2Fwp%2Fv2%2Fcomments&post=13057"}],"version-history":[{"count":0,"href":"https:\/\/ecosdelsur.com\/index.php?rest_route=\/wp\/v2\/posts\/13057\/revisions"}],"wp:featuredmedia":[{"embeddable":true,"href":"https:\/\/ecosdelsur.com\/index.php?rest_route=\/wp\/v2\/media\/13059"}],"wp:attachment":[{"href":"https:\/\/ecosdelsur.com\/index.php?rest_route=%2Fwp%2Fv2%2Fmedia&parent=13057"}],"wp:term":[{"taxonomy":"category","embeddable":true,"href":"https:\/\/ecosdelsur.com\/index.php?rest_route=%2Fwp%2Fv2%2Fcategories&post=13057"},{"taxonomy":"post_tag","embeddable":true,"href":"https:\/\/ecosdelsur.com\/index.php?rest_route=%2Fwp%2Fv2%2Ftags&post=13057"}],"curies":[{"name":"wp","href":"https:\/\/api.w.org\/{rel}","templated":true}]}}