{"id":13054,"date":"2024-01-05T16:40:16","date_gmt":"2024-01-05T16:40:16","guid":{"rendered":"https:\/\/ecosdelsur.com\/?p=13054"},"modified":"2024-01-05T16:40:16","modified_gmt":"2024-01-05T16:40:16","slug":"potenciar-trabajo-solicitan-a-los-beneficiarios-regularizar-su-situacion","status":"publish","type":"post","link":"https:\/\/ecosdelsur.com\/?p=13054","title":{"rendered":"Potenciar Trabajo: \u201cSolicitan a los beneficiarios regularizar su situaci\u00f3n\u201d"},"content":{"rendered":"<p>05\/01\/2023- Desde la Supervisi\u00f3n de Inclusi\u00f3n Laboral (ex Potenciar Trabajo) se requiere la presencia de los beneficiarios del programa en las oficinas ubicadas entre las calles Monse\u00f1or Faganno y Lavalle en el horario de 7 a 14 horas para actualizar datos y regularizar su situaci\u00f3n.<img decoding=\"async\" class=\"alignnone size-full wp-image-13055 lazyload\" data-src=\"https:\/\/ecosdelsur.com\/wp-content\/uploads\/2024\/01\/WhatsApp-Image-2024-01-05-at-12.45.13.jpeg\" alt=\"\" width=\"800\" height=\"484\" data-srcset=\"https:\/\/ecosdelsur.com\/wp-content\/uploads\/2024\/01\/WhatsApp-Image-2024-01-05-at-12.45.13.jpeg 800w, https:\/\/ecosdelsur.com\/wp-content\/uploads\/2024\/01\/WhatsApp-Image-2024-01-05-at-12.45.13-300x182.jpeg 300w, https:\/\/ecosdelsur.com\/wp-content\/uploads\/2024\/01\/WhatsApp-Image-2024-01-05-at-12.45.13-768x465.jpeg 768w\" data-sizes=\"(max-width: 800px) 100vw, 800px\" src=\"data:image\/svg+xml;base64,PHN2ZyB3aWR0aD0iMSIgaGVpZ2h0PSIxIiB4bWxucz0iaHR0cDovL3d3dy53My5vcmcvMjAwMC9zdmciPjwvc3ZnPg==\" style=\"--smush-placeholder-width: 800px; --smush-placeholder-aspect-ratio: 800\/484;\" \/><\/p>\n<p>A trav\u00e9s de una comunicaci\u00f3n telef\u00f3nica para la FM Municipal, Romina Tell, la nueva supervisora de Inclusi\u00f3n Laboral, mencion\u00f3 que hace 6 d\u00edas asumi\u00f3 su cargo y coment\u00f3 que dicho programa cuenta con 1308 personas, de las cuales la mayor\u00eda no presta servicios en ning\u00fan sector.<\/p>\n<p>Tambi\u00e9n inform\u00f3 que muchas personas est\u00e1n transitando la finalizaci\u00f3n de estudios y asever\u00f3 que, hasta el momento, tiene continuidad.<br \/>\n\u201cEstamos conociendo la funcionalidad del \u00e1rea y orden\u00e1ndose, por ese motivo les pedimos a las personas que se acerquen a brindarnos sus datos actualizados. Muchos cobraron la mitad en el \u00faltimo pago por no presentar una planilla y esto se debe a que tampoco cuentan con un sector laboral\u201d, manifest\u00f3.<\/p>\n<p>Asimismo, remarc\u00f3 que est\u00e1n analizando cada caso y aclar\u00f3 que, los planes dados de baja no son reversibles, como tambi\u00e9n el reintegro de los descuentos que se efectuaron en el \u00faltimo mes de pago.<\/p>\n<p>\u201cQueremos informar que las bajas se dan desde el Ministerio de Naci\u00f3n y que tenemos conocimiento de que en muchos casos hay gente que hace 4 a\u00f1os est\u00e1 sin sector, pero a\u00fan falta recabar m\u00e1s datos al respecto; cobraban sin prestar servicio\u201d, se\u00f1al\u00f3.<\/p>\n<p>Por otro lado, resalt\u00f3 que investigan cada caso y sostuvo que, se tendr\u00e1 en cuenta a aquellas personas que se encuentran en situaciones vulnerables o problemas de otra \u00edndole.<br \/>\n\u201cDesde hoy miramos hacia adelante y estamos hablando con todos los sectores coordinando para que todos presten sus servicios donde se los requiera. Cada sector presenta la planilla de asistencia y nosotros supervisamos que todo est\u00e9 correcto\u201d, cerr\u00f3.<\/p>\n","protected":false},"excerpt":{"rendered":"<p>05\/01\/2023- Desde la Supervisi\u00f3n de Inclusi\u00f3n Laboral (ex Potenciar Trabajo) se requiere la presencia de los beneficiarios del programa en<\/p>\n","protected":false},"author":8,"featured_media":13055,"comment_status":"open","ping_status":"closed","sticky":false,"template":"","format":"standard","meta":{"footnotes":""},"categories":[35],"tags":[],"class_list":["post-13054","post","type-post","status-publish","format-standard","has-post-thumbnail","hentry","category-sociedad"],"_links":{"self":[{"href":"https:\/\/ecosdelsur.com\/index.php?rest_route=\/wp\/v2\/posts\/13054","targetHints":{"allow":["GET"]}}],"collection":[{"href":"https:\/\/ecosdelsur.com\/index.php?rest_route=\/wp\/v2\/posts"}],"about":[{"href":"https:\/\/ecosdelsur.com\/index.php?rest_route=\/wp\/v2\/types\/post"}],"author":[{"embeddable":true,"href":"https:\/\/ecosdelsur.com\/index.php?rest_route=\/wp\/v2\/users\/8"}],"replies":[{"embeddable":true,"href":"https:\/\/ecosdelsur.com\/index.php?rest_route=%2Fwp%2Fv2%2Fcomments&post=13054"}],"version-history":[{"count":0,"href":"https:\/\/ecosdelsur.com\/index.php?rest_route=\/wp\/v2\/posts\/13054\/revisions"}],"wp:featuredmedia":[{"embeddable":true,"href":"https:\/\/ecosdelsur.com\/index.php?rest_route=\/wp\/v2\/media\/13055"}],"wp:attachment":[{"href":"https:\/\/ecosdelsur.com\/index.php?rest_route=%2Fwp%2Fv2%2Fmedia&parent=13054"}],"wp:term":[{"taxonomy":"category","embeddable":true,"href":"https:\/\/ecosdelsur.com\/index.php?rest_route=%2Fwp%2Fv2%2Fcategories&post=13054"},{"taxonomy":"post_tag","embeddable":true,"href":"https:\/\/ecosdelsur.com\/index.php?rest_route=%2Fwp%2Fv2%2Ftags&post=13054"}],"curies":[{"name":"wp","href":"https:\/\/api.w.org\/{rel}","templated":true}]}}