{"id":13050,"date":"2024-01-05T16:35:32","date_gmt":"2024-01-05T16:35:32","guid":{"rendered":"https:\/\/ecosdelsur.com\/?p=13050"},"modified":"2024-01-05T16:35:32","modified_gmt":"2024-01-05T16:35:32","slug":"daniel-barrera-somos-todos-municipales-con-una-responsabilidad","status":"publish","type":"post","link":"https:\/\/ecosdelsur.com\/?p=13050","title":{"rendered":"Daniel Barrera: \u201cSomos todos municipales con una responsabilidad\u201d"},"content":{"rendered":"<p>05\/01\/2023- As\u00ed lo manifest\u00f3 el Secretario de Gesti\u00f3n Ambiental, Obras, Servicios y Transporte, en lo que fue la presentaci\u00f3n del \u00e1rea en la FM Municipal.<img decoding=\"async\" class=\"alignnone size-full wp-image-13051 lazyload\" data-src=\"https:\/\/ecosdelsur.com\/wp-content\/uploads\/2024\/01\/WhatsApp-Image-2024-01-05-at-12.43.52-1.jpeg\" alt=\"\" width=\"800\" height=\"476\" data-srcset=\"https:\/\/ecosdelsur.com\/wp-content\/uploads\/2024\/01\/WhatsApp-Image-2024-01-05-at-12.43.52-1.jpeg 800w, https:\/\/ecosdelsur.com\/wp-content\/uploads\/2024\/01\/WhatsApp-Image-2024-01-05-at-12.43.52-1-300x179.jpeg 300w, https:\/\/ecosdelsur.com\/wp-content\/uploads\/2024\/01\/WhatsApp-Image-2024-01-05-at-12.43.52-1-768x457.jpeg 768w\" data-sizes=\"(max-width: 800px) 100vw, 800px\" src=\"data:image\/svg+xml;base64,PHN2ZyB3aWR0aD0iMSIgaGVpZ2h0PSIxIiB4bWxucz0iaHR0cDovL3d3dy53My5vcmcvMjAwMC9zdmciPjwvc3ZnPg==\" style=\"--smush-placeholder-width: 800px; --smush-placeholder-aspect-ratio: 800\/476;\" \/><br \/>\nEn este contexto, tambi\u00e9n explic\u00f3 que se trata de 4 \u00e1reas que requieren mucho trabajo, entre los que se incluye la recolecci\u00f3n de residuos, la pavimentaci\u00f3n, bacheo, repaso y limpieza de calles; campa\u00f1as de concientizaci\u00f3n, entre otros trabajos que se ejecutan desde el \u00e1rea.<\/p>\n<p>\u201cConozco la realidad del sector porque siempre preste servicios en el \u00e1rea, por ende tenemos conocimientos de que se necesitan muchos recursos para funcionar y responder a los vecinos.<br \/>\nEn cuatro a\u00f1os destruyeron el sector y ahora lo estamos sacando adelante junto a los empleados municipales\u201d, asever\u00f3.<br \/>\nTambi\u00e9n se refiri\u00f3 al sector de Transporte, donde existen muchos veh\u00edculos en desuso y se\u00f1al\u00f3 que muchos se pueden reparar.<br \/>\n\u201cAntes, todo era alquilar y debido a esto hay una deuda muy grande que ahora se est\u00e1 pagando de a poco. Queremos recuperar lo que ya tenemos y no tener que rentarlos\u201d, sostuvo.<\/p>\n<p>Por otro lado, destac\u00f3 que la Secretar\u00eda en la actualidad es manejada por el 98% de la planta municipal. \u201cSomos todos municipales con una responsabilidad; antes estos cargos eran ocupados por gente de afuera, espero no equivocarme porque los compa\u00f1eros est\u00e1n demostrando que son capaces, desde ya agradezco al Intendente que confi\u00f3 en nosotros\u201d, enfatiz\u00f3.<\/p>\n<p>Finalmente, coment\u00f3 que est\u00e1n recibiendo muchas sugerencias por parte de la comunidad. \u201cVamos a tratar de cumplir con todo lo que est\u00e9 a nuestro alcance, tanto en las nuevas obras que nos competen como en las que est\u00e1n inconclusas por la anterior gesti\u00f3n\u201d, culmin\u00f3.<\/p>\n<p>Por otro lado, Enrique S\u00e1nchez, subsecretario de Servicios, explic\u00f3 que est\u00e1n encargados de la limpieza de la ciudad, como tambi\u00e9n de las \u00e1reas de Forestaci\u00f3n y Espacios Verdes.<br \/>\n\u201cAhora est\u00e1n con la tarea de poda y desmalezamiento de la Primera Laguna. Igualmente, continuaremos con los operativos de limpieza barriales con m\u00e1quinas y camiones\u201d, expres\u00f3.<br \/>\nDe la misma manera, Jos\u00e9 Luis Espinoza, subsecretario de Obras P\u00fablicas, comunic\u00f3 que el sector sufri\u00f3 un desguace casi total.<br \/>\n\u201cEs lamentable, pero hoy podemos decir que contamos con camionetas, camiones, cargadoras y motoniveladoras que ya se est\u00e1n reparando para llegar con m\u00e1s soluciones a los vecinos\u201d, resalt\u00f3.<\/p>\n<p>Cerrando las entrevistas fue el turno de David Acosta, subsecretario de Gesti\u00f3n Ambiental, quien inform\u00f3 que desde su \u00e1rea se trabaja en direccionar a los sectores que dependen de la misma.<br \/>\n\u201cEstamos efectuando la tarea de prevenci\u00f3n en lo que respecta al cuidado del agua y el ambiente; la tenencia responsable y castraciones gratuitas de mascotas, y campa\u00f1as publicitarias de no arrojar residuos, entre otras actividades<br \/>\n\u201cContamos con inspectores que realizar\u00e1n alg\u00fan recorrido para controlar estas situaciones y sancionar a quien corresponda. Queremos mejorar el sistema y digitalizar todas las actas, as\u00ed que tambi\u00e9n vamos a reactivar el programa de Naci\u00f3n de Protenencia\u201d, finaliz\u00f3.<\/p>\n","protected":false},"excerpt":{"rendered":"<p>05\/01\/2023- As\u00ed lo manifest\u00f3 el Secretario de Gesti\u00f3n Ambiental, Obras, Servicios y Transporte, en lo que fue la presentaci\u00f3n del<\/p>\n","protected":false},"author":8,"featured_media":13052,"comment_status":"open","ping_status":"closed","sticky":false,"template":"","format":"standard","meta":{"footnotes":""},"categories":[39],"tags":[],"class_list":["post-13050","post","type-post","status-publish","format-standard","has-post-thumbnail","hentry","category-tecnologia"],"_links":{"self":[{"href":"https:\/\/ecosdelsur.com\/index.php?rest_route=\/wp\/v2\/posts\/13050","targetHints":{"allow":["GET"]}}],"collection":[{"href":"https:\/\/ecosdelsur.com\/index.php?rest_route=\/wp\/v2\/posts"}],"about":[{"href":"https:\/\/ecosdelsur.com\/index.php?rest_route=\/wp\/v2\/types\/post"}],"author":[{"embeddable":true,"href":"https:\/\/ecosdelsur.com\/index.php?rest_route=\/wp\/v2\/users\/8"}],"replies":[{"embeddable":true,"href":"https:\/\/ecosdelsur.com\/index.php?rest_route=%2Fwp%2Fv2%2Fcomments&post=13050"}],"version-history":[{"count":0,"href":"https:\/\/ecosdelsur.com\/index.php?rest_route=\/wp\/v2\/posts\/13050\/revisions"}],"wp:featuredmedia":[{"embeddable":true,"href":"https:\/\/ecosdelsur.com\/index.php?rest_route=\/wp\/v2\/media\/13052"}],"wp:attachment":[{"href":"https:\/\/ecosdelsur.com\/index.php?rest_route=%2Fwp%2Fv2%2Fmedia&parent=13050"}],"wp:term":[{"taxonomy":"category","embeddable":true,"href":"https:\/\/ecosdelsur.com\/index.php?rest_route=%2Fwp%2Fv2%2Fcategories&post=13050"},{"taxonomy":"post_tag","embeddable":true,"href":"https:\/\/ecosdelsur.com\/index.php?rest_route=%2Fwp%2Fv2%2Ftags&post=13050"}],"curies":[{"name":"wp","href":"https:\/\/api.w.org\/{rel}","templated":true}]}}