{"id":13045,"date":"2024-01-05T14:40:38","date_gmt":"2024-01-05T14:40:38","guid":{"rendered":"https:\/\/ecosdelsur.com\/?p=13045"},"modified":"2024-01-05T14:40:38","modified_gmt":"2024-01-05T14:40:38","slug":"alvarez-tenemos-que-trabajar-fuerte-sobre-los-recursos-y-potenciar-a-las-pequenas-y-medianas-empresas","status":"publish","type":"post","link":"https:\/\/ecosdelsur.com\/?p=13045","title":{"rendered":"\u00c1lvarez: \u201cTenemos que trabajar fuerte sobre los recursos y potenciar a las peque\u00f1as y medianas empresas\u201d"},"content":{"rendered":"<p><span style=\"font-size: 16px;\">05\/01\/2023- Luego del juramento y presentaci\u00f3n, el nuevo ministro de Energ\u00eda y Miner\u00eda de Santa Cruz, Jaime \u00c1lvarez, enunci\u00f3 los diferentes desaf\u00edos que tiene su cartera de ahora en adelante.<img decoding=\"async\" class=\"alignnone size-full wp-image-13047 lazyload\" data-src=\"https:\/\/ecosdelsur.com\/wp-content\/uploads\/2024\/01\/WhatsApp_Image_2024-01-03_at_11.25.18_2.jpeg\" alt=\"\" width=\"800\" height=\"480\" data-srcset=\"https:\/\/ecosdelsur.com\/wp-content\/uploads\/2024\/01\/WhatsApp_Image_2024-01-03_at_11.25.18_2.jpeg 800w, https:\/\/ecosdelsur.com\/wp-content\/uploads\/2024\/01\/WhatsApp_Image_2024-01-03_at_11.25.18_2-300x180.jpeg 300w, https:\/\/ecosdelsur.com\/wp-content\/uploads\/2024\/01\/WhatsApp_Image_2024-01-03_at_11.25.18_2-768x461.jpeg 768w\" data-sizes=\"(max-width: 800px) 100vw, 800px\" src=\"data:image\/svg+xml;base64,PHN2ZyB3aWR0aD0iMSIgaGVpZ2h0PSIxIiB4bWxucz0iaHR0cDovL3d3dy53My5vcmcvMjAwMC9zdmciPjwvc3ZnPg==\" style=\"--smush-placeholder-width: 800px; --smush-placeholder-aspect-ratio: 800\/480;\" \/><\/span><\/p>\n<div class=\"itemFullText\">\n<p>En el inicio de la alocuci\u00f3n, el ministro hizo referencia al trabajo hecho por el gobernador Claudio Vidal durante su paso por el sindicato petrolero, gas y energ\u00edas renovables de Santa Cruz. \u201cHace un a\u00f1o atr\u00e1s, el entonces secretario general de gas privado de Santa Cruz, Claudio Vidal, junto a su equipo de trabajo cambiaron el estatuto del sindicato y se transform\u00f3 en el sindicato petrolero, gas y energ\u00edas renovables de Santa Cruz. Los hidrocarburos fueron y son la historia de los recursos que nos sirvieron como provincia durante d\u00e9cadas\u201d.<img decoding=\"async\" class=\"alignnone size-full wp-image-13048 lazyload\" data-src=\"https:\/\/ecosdelsur.com\/wp-content\/uploads\/2024\/01\/WhatsApp_Image_2024-01-03_at_11.25.18_3-1.jpeg\" alt=\"\" width=\"800\" height=\"423\" data-srcset=\"https:\/\/ecosdelsur.com\/wp-content\/uploads\/2024\/01\/WhatsApp_Image_2024-01-03_at_11.25.18_3-1.jpeg 800w, https:\/\/ecosdelsur.com\/wp-content\/uploads\/2024\/01\/WhatsApp_Image_2024-01-03_at_11.25.18_3-1-300x159.jpeg 300w, https:\/\/ecosdelsur.com\/wp-content\/uploads\/2024\/01\/WhatsApp_Image_2024-01-03_at_11.25.18_3-1-768x406.jpeg 768w, https:\/\/ecosdelsur.com\/wp-content\/uploads\/2024\/01\/WhatsApp_Image_2024-01-03_at_11.25.18_3-1-390x205.jpeg 390w\" data-sizes=\"(max-width: 800px) 100vw, 800px\" src=\"data:image\/svg+xml;base64,PHN2ZyB3aWR0aD0iMSIgaGVpZ2h0PSIxIiB4bWxucz0iaHR0cDovL3d3dy53My5vcmcvMjAwMC9zdmciPjwvc3ZnPg==\" style=\"--smush-placeholder-width: 800px; --smush-placeholder-aspect-ratio: 800\/423;\" \/><\/p>\n<p>Siguiendo esta misma l\u00ednea, expres\u00f3 sus sensaciones sobre la creaci\u00f3n del ministerio de Energ\u00eda y Miner\u00eda: \u201cEsto de juntar \u00e1reas t\u00e9cnicas y administrativas, permite generar m\u00e1s recursos, ahorrar recursos y a su vez se van a potenciar\u201d. Por otro lado, marc\u00f3 la importancia de las energ\u00edas renovables o no convencionales afirmando que \u201ces el futuro de la provincia de Santa Cruz\u201d.<\/p>\n<p>Al respecto de lo que se viene en los pr\u00f3ximos a\u00f1os, dijo: \u201cEl trabajo por delante es muy complejo en un a\u00f1o complicado. El sector tradicional de hidrocarburos del flanco norte viene decayendo hace dos d\u00e9cadas y hay que trabajar muy fuerte para mantener la actividad econ\u00f3mica en yacimientos maduros y convencionales\u201d.<\/p>\n<p>\u201cTenemos la posibilidad en la zona sudoeste de la provincia de contar con nuestra Vaca Muerta, Palermo Aike, y lo que es una esperanza para los santacruce\u00f1os en la generaci\u00f3n de petr\u00f3leo y gas no convencional\u201d, resalt\u00f3.<\/p>\n<p>Tambi\u00e9n, agreg\u00f3: \u201cHay que atraer inversores para poder trabajar fuertemente el lugar porque es sustancial al presente y a las futuras generaciones. El gas que genere Palermo Aike, tenemos la responsabilidad de transformar o industrializar en fertilizantes como nitrato de amonio y urea y en gas natural licuado, que es el gran combustible hidrocarburo de transici\u00f3n\u201d.<\/p>\n<p>En la continuaci\u00f3n de su discurso, se refiri\u00f3 a la importancia de las represas sobre el r\u00edo Santa Cruz: \u201cAquellos electrones producidos por las represas del r\u00edo Santa Cruz que falta terminar y hay que avanzar r\u00e1pidamente con el gobierno nacional y la Rep\u00fablica Popular China, tienen que ser transformados en aluminio y ser aero portados a trav\u00e9s de nuestros puertos al mundo\u201d.<\/p>\n<p>\u201cLa vasta meseta central con los mejores vientos del mundo tambi\u00e9n tienen que multiplicarse los parques e\u00f3licos y esos electrones deben transformarse en hidrogeno verde que el mundo estar\u00e1 demandando en las pr\u00f3ximas d\u00e9cadas\u201d, manifest\u00f3.<\/p>\n<p>En cuanto a los objetivos dentro del sector minero, declar\u00f3: \u201cTenemos que trabajar fuertemente en este contexto de pa\u00eds y ver la posibilidad de tener mayor exploraci\u00f3n y que los recursos aur\u00edferos puedan ser explotados. De esta manera, se generar\u00eda mano de obra santacruce\u00f1a sino tambi\u00e9n la provisi\u00f3n de insumos y la prestaci\u00f3n de servicios\u201d.<\/p>\n<p>\u201cApuntalar la capacitaci\u00f3n de nuestros j\u00f3venes y adultos para ocupar los diferentes lugares que la explotaci\u00f3n de nuestros recursos naturales y el valor agregado de estos recursos requiere\u201d, afirm\u00f3.<\/p>\n<p>Asimismo, dej\u00f3 en claro una de las premisas de su gesti\u00f3n: \u201cQueremos potenciar a las peque\u00f1as y medianas empresas que trabajan en los diferentes sectores\u201d.<\/p>\n<p>Recalc\u00f3 el lugar que debe tener la provincia en el interconectado y los proyectos a futuro: \u201cDebemos llenar el interconectado para abastecer al pa\u00eds de electrones y cuando eso ocurra vamos a poder quemar nuestro gas en turbinas. Seguramente con las provincias hermanas de Chubut y R\u00edo Negro, se necesitar\u00e1 otro interconectado posiblemente por la ruta 40 para hacer el anillado patag\u00f3nico y que todo nuestro potencial el\u00e9ctrico para las pr\u00f3ximas generaciones pueda ser transportado al resto del pa\u00eds\u201d, asegur\u00f3.<\/p>\n<p>En ese contexto, \u00c1lvarez se refiri\u00f3 al desaf\u00edo que asumi\u00f3 hoy al hacerse cargo de una nueva cartera que ser\u00e1 fundamental en la estructura del Gobierno Provincial: \u201cM\u00e1s que un desaf\u00edo es una responsabilidad muy grande para todos en este Gobierno en sus misiones y funciones. Va a ser un a\u00f1o muy complejo dado que estamos ante las primeras medidas del Gobierno Nacional que se est\u00e1n llevando adelante. Esto va a marcar una complejidad muy importante a nivel macroecon\u00f3mico y en la provincia de Santa Cruz quienes son funcionarios y tienen responsabilidades en los diferentes sectores van a tener que redoblar esfuerzos y trabajar con fortaleza para superar m\u00e1s que nada, el primer semestre del a\u00f1o\u201d, asegur\u00f3.<\/p>\n<\/div>\n","protected":false},"excerpt":{"rendered":"<p>05\/01\/2023- Luego del juramento y presentaci\u00f3n, el nuevo ministro de Energ\u00eda y Miner\u00eda de Santa Cruz, Jaime \u00c1lvarez, enunci\u00f3 los<\/p>\n","protected":false},"author":8,"featured_media":13046,"comment_status":"open","ping_status":"closed","sticky":false,"template":"","format":"standard","meta":{"footnotes":""},"categories":[33],"tags":[],"class_list":["post-13045","post","type-post","status-publish","format-standard","has-post-thumbnail","hentry","category-politica"],"_links":{"self":[{"href":"https:\/\/ecosdelsur.com\/index.php?rest_route=\/wp\/v2\/posts\/13045","targetHints":{"allow":["GET"]}}],"collection":[{"href":"https:\/\/ecosdelsur.com\/index.php?rest_route=\/wp\/v2\/posts"}],"about":[{"href":"https:\/\/ecosdelsur.com\/index.php?rest_route=\/wp\/v2\/types\/post"}],"author":[{"embeddable":true,"href":"https:\/\/ecosdelsur.com\/index.php?rest_route=\/wp\/v2\/users\/8"}],"replies":[{"embeddable":true,"href":"https:\/\/ecosdelsur.com\/index.php?rest_route=%2Fwp%2Fv2%2Fcomments&post=13045"}],"version-history":[{"count":0,"href":"https:\/\/ecosdelsur.com\/index.php?rest_route=\/wp\/v2\/posts\/13045\/revisions"}],"wp:featuredmedia":[{"embeddable":true,"href":"https:\/\/ecosdelsur.com\/index.php?rest_route=\/wp\/v2\/media\/13046"}],"wp:attachment":[{"href":"https:\/\/ecosdelsur.com\/index.php?rest_route=%2Fwp%2Fv2%2Fmedia&parent=13045"}],"wp:term":[{"taxonomy":"category","embeddable":true,"href":"https:\/\/ecosdelsur.com\/index.php?rest_route=%2Fwp%2Fv2%2Fcategories&post=13045"},{"taxonomy":"post_tag","embeddable":true,"href":"https:\/\/ecosdelsur.com\/index.php?rest_route=%2Fwp%2Fv2%2Ftags&post=13045"}],"curies":[{"name":"wp","href":"https:\/\/api.w.org\/{rel}","templated":true}]}}