{"id":13039,"date":"2024-01-05T14:19:35","date_gmt":"2024-01-05T14:19:35","guid":{"rendered":"https:\/\/ecosdelsur.com\/?p=13039"},"modified":"2024-01-05T14:20:10","modified_gmt":"2024-01-05T14:20:10","slug":"los-vocales-se-reunieron-con-el-ministro-de-salud-ariel-varela-y-pidieron-urgente-solucion-a-diversos-problemas-de-los-afiliados","status":"publish","type":"post","link":"https:\/\/ecosdelsur.com\/?p=13039","title":{"rendered":"Los vocales se reunieron con el ministro de Salud, Ariel Varela y pidieron urgente soluci\u00f3n a diversos problemas de los afiliados"},"content":{"rendered":"<p>05\/01\/2023- En el encuentro se plantearon temas importantes, como la falta de medicamentos de alto costo,\u00a0 los reclamos diarios de los afiliados, y que a la fecha, no se haya realizado ninguna reuni\u00f3n ordinaria del Directorio de la obra social.<img decoding=\"async\" class=\"alignnone size-full wp-image-13037 lazyload\" data-src=\"https:\/\/ecosdelsur.com\/wp-content\/uploads\/2024\/01\/VOCAL-Y-MINISTRO-DE-SALUD.jpeg\" alt=\"\" width=\"800\" height=\"495\" data-srcset=\"https:\/\/ecosdelsur.com\/wp-content\/uploads\/2024\/01\/VOCAL-Y-MINISTRO-DE-SALUD.jpeg 800w, https:\/\/ecosdelsur.com\/wp-content\/uploads\/2024\/01\/VOCAL-Y-MINISTRO-DE-SALUD-300x186.jpeg 300w, https:\/\/ecosdelsur.com\/wp-content\/uploads\/2024\/01\/VOCAL-Y-MINISTRO-DE-SALUD-768x475.jpeg 768w\" data-sizes=\"(max-width: 800px) 100vw, 800px\" src=\"data:image\/svg+xml;base64,PHN2ZyB3aWR0aD0iMSIgaGVpZ2h0PSIxIiB4bWxucz0iaHR0cDovL3d3dy53My5vcmcvMjAwMC9zdmciPjwvc3ZnPg==\" style=\"--smush-placeholder-width: 800px; --smush-placeholder-aspect-ratio: 800\/495;\" \/><\/p>\n<p>El vocal por los activos, Hugo Jerez, se reuni\u00f3 con el ministro de Salud, Ariel Varela.<\/p>\n<p>En el encuentro, el vocal, que expuso tambi\u00e9n los reclamos \u00a0de la vocal por los pasivos,\u00a0 Beatriz Constantino,\u00a0 plante\u00f3 una gran cantidad de temas que se relacionan directamente con el funcionamiento de la Caja de Servicios Sociales y que inciden en los afiliados.<\/p>\n<p><strong>Jerez se\u00f1al\u00f3, por ejemplo, que a la fecha se desconoce si fueron nombrados los vocales por el Ejecutivo, 2 (dos) que integran el Directorio, que junto con los vocales por los activos y pasivos y el presidente, deben realizar las reuniones de Directorio una vez por semana. <\/strong><\/p>\n<p>Sucede que desde el inicio de la nueva gesti\u00f3n hasta el comienzo del receso, que inici\u00f3 en enero, \u00a0no se realiz\u00f3 ninguna reuni\u00f3n ordinaria del Directorio,\u00a0 en un contexto de una gran cantidad de reclamos de afiliados, sea por medicamento y prestaciones, sumado al d\u00e9ficit de la obra social y resoluci\u00f3n que deben concretarse y son inherentes al funcionamiento propio de la CSS.<\/p>\n<p><strong>Por esto el vocal, pidi\u00f3 por nota, dirigida al presidente Sergio P\u00e9rez Soruco, la realizaci\u00f3n de estas reuniones que revisten un car\u00e1cter de suma importancia. \u00a0Hasta hora los vocales se re\u00fanen de manera informal para solucionar diversos\u00a0 problemas. En el actual per\u00edodo de receso,\u00a0 y sin funcionamiento del Directorio, es el presidente, \u00a0o a quien designe, quien queda\u00a0 a cargo de todas las decisiones\u00a0 que se tomen en la obra social. <\/strong><\/p>\n<p><strong>En el mismo sentido,\u00a0 los vocales se\u00f1alaron que no disponer de la informaci\u00f3n sobre las medidas que se tomen en la obra social, y que los propios vocales que fueron electos no tengan acceso, representa una falta de respeto al afiliado y a la autarqu\u00eda de la obra social.<\/strong><\/p>\n<p>Jerez adem\u00e1s le pidi\u00f3 al ministro, una soluci\u00f3n r\u00e1pida a la provisi\u00f3n de medicamentos de alto costo, un punto que merece celeridad en su resoluci\u00f3n por lo que significa para la salud de los afiliados. <strong>Existe faltante, debido a la situaci\u00f3n econ\u00f3mica del pa\u00eds, teniendo en cuenta los cientos de reclamo de afiliados por el retaso en la entrega y el tope de 10 medicamentos\u00a0 mensuales. En<\/strong> este contexto, muchos prestadores analizan realizar el corte de las prestaciones. La obra social sigue abonando a 60 d\u00edas a los prestadores y proveedores.<\/p>\n<p>El reclamo de los afiliados es tal, que el \u00e1rea de Auditor\u00eda Farmac\u00e9utica no da abasto con los mensajes que env\u00edan los afiliados. (En este punto, Jerez insisti\u00f3 en la falta\u00a0 de personal en algunos sectores, como farmacias y dem\u00e1s \u00e1reas,\u00a0 que junto a Constantino ya hab\u00eda advertido tiempo atr\u00e1s).<\/p>\n<p><strong>En la situaci\u00f3n de la CSS, advirti\u00f3 Jerez, no ven reflejada mejoras. <\/strong><\/p>\n<p>En tanto, \u00a0<strong>se le record\u00f3 al ministro que los municipios sigue sin realizar los aportes a la obra social, pese a realizar el descuento\u00a0 a sus trabajadores<\/strong><\/p>\n<p>&nbsp;<\/p>\n<p>NO A LA INTERVENCI\u00d3N<\/p>\n<p><strong>Los vocales volvieron a rechazar la\u00a0 intervenci\u00f3n de la CSS, medida incluida en la Ley de Emergencia Econ\u00f3mica y Financiera que enviar\u00e1 el Ejecutivo a la legislatura. <\/strong><\/p>\n<p>Semanas atr\u00e1s, se le record\u00f3\u00a0 al gobernador,\u00a0 que el Art\u00edculo 24 de la Ley de Restructuraci\u00f3n de la CSS, establece cu\u00e1ndo la obra social puede ser intervenida, requisitos que no son cumplimentados en la actualidad.<\/p>\n<p>&nbsp;<\/p>\n","protected":false},"excerpt":{"rendered":"<p>05\/01\/2023- En el encuentro se plantearon temas importantes, como la falta de medicamentos de alto costo,\u00a0 los reclamos diarios de<\/p>\n","protected":false},"author":8,"featured_media":13037,"comment_status":"open","ping_status":"closed","sticky":false,"template":"","format":"standard","meta":{"footnotes":""},"categories":[117],"tags":[],"class_list":["post-13039","post","type-post","status-publish","format-standard","has-post-thumbnail","hentry","category-salud"],"_links":{"self":[{"href":"https:\/\/ecosdelsur.com\/index.php?rest_route=\/wp\/v2\/posts\/13039","targetHints":{"allow":["GET"]}}],"collection":[{"href":"https:\/\/ecosdelsur.com\/index.php?rest_route=\/wp\/v2\/posts"}],"about":[{"href":"https:\/\/ecosdelsur.com\/index.php?rest_route=\/wp\/v2\/types\/post"}],"author":[{"embeddable":true,"href":"https:\/\/ecosdelsur.com\/index.php?rest_route=\/wp\/v2\/users\/8"}],"replies":[{"embeddable":true,"href":"https:\/\/ecosdelsur.com\/index.php?rest_route=%2Fwp%2Fv2%2Fcomments&post=13039"}],"version-history":[{"count":0,"href":"https:\/\/ecosdelsur.com\/index.php?rest_route=\/wp\/v2\/posts\/13039\/revisions"}],"wp:featuredmedia":[{"embeddable":true,"href":"https:\/\/ecosdelsur.com\/index.php?rest_route=\/wp\/v2\/media\/13037"}],"wp:attachment":[{"href":"https:\/\/ecosdelsur.com\/index.php?rest_route=%2Fwp%2Fv2%2Fmedia&parent=13039"}],"wp:term":[{"taxonomy":"category","embeddable":true,"href":"https:\/\/ecosdelsur.com\/index.php?rest_route=%2Fwp%2Fv2%2Fcategories&post=13039"},{"taxonomy":"post_tag","embeddable":true,"href":"https:\/\/ecosdelsur.com\/index.php?rest_route=%2Fwp%2Fv2%2Ftags&post=13039"}],"curies":[{"name":"wp","href":"https:\/\/api.w.org\/{rel}","templated":true}]}}