{"id":13017,"date":"2024-01-05T05:11:53","date_gmt":"2024-01-05T05:11:53","guid":{"rendered":"https:\/\/ecosdelsur.com\/?p=13017"},"modified":"2024-01-05T05:13:01","modified_gmt":"2024-01-05T05:13:01","slug":"alerta-de-desaparicion-en-rio-turbio-buscan-a-dylan-oscar-ledesma","status":"publish","type":"post","link":"https:\/\/ecosdelsur.com\/?p=13017","title":{"rendered":"Alerta de Desaparici\u00f3n en R\u00edo Turbio: Buscan a Dylan Oscar Ledesma"},"content":{"rendered":"<p>La Divisi\u00f3n Comisar\u00eda Local, en colaboraci\u00f3n con diversas unidades operativas, incluido el personal de la Divisi\u00f3n de Investigaciones, est\u00e1 intensificando los esfuerzos para localizar a Dylan Oscar LEDESMA, un joven de 14 a\u00f1os de edad.<img decoding=\"async\" class=\"alignnone size-full wp-image-13018 lazyload\" data-src=\"https:\/\/ecosdelsur.com\/wp-content\/uploads\/2024\/01\/WhatsApp-Image-2024-01-05-at-00.09.22-1.jpeg\" alt=\"\" width=\"942\" height=\"531\" data-srcset=\"https:\/\/ecosdelsur.com\/wp-content\/uploads\/2024\/01\/WhatsApp-Image-2024-01-05-at-00.09.22-1.jpeg 942w, https:\/\/ecosdelsur.com\/wp-content\/uploads\/2024\/01\/WhatsApp-Image-2024-01-05-at-00.09.22-1-300x169.jpeg 300w, https:\/\/ecosdelsur.com\/wp-content\/uploads\/2024\/01\/WhatsApp-Image-2024-01-05-at-00.09.22-1-768x433.jpeg 768w\" data-sizes=\"(max-width: 942px) 100vw, 942px\" src=\"data:image\/svg+xml;base64,PHN2ZyB3aWR0aD0iMSIgaGVpZ2h0PSIxIiB4bWxucz0iaHR0cDovL3d3dy53My5vcmcvMjAwMC9zdmciPjwvc3ZnPg==\" style=\"--smush-placeholder-width: 942px; --smush-placeholder-aspect-ratio: 942\/531;\" \/><\/p>\n<p>Dylan fue reportado como ausente de su hogar en el Barrio Los Tr\u00e9boles, calle 30, alrededor de las 10:00 a.m. de ayer fue visto por \u00faltima vez por su t\u00eda. Sus caracter\u00edsticas f\u00edsicas incluyen una estatura de 1.60 metros, delgado, tez trigue\u00f1a, cabello corto y lacio, ojos marrones.<\/p>\n<p>Vest\u00eda una campera camuflada, pantal\u00f3n tipo pescador color gris y zapatillas negras (se adjunta fotograf\u00eda actualizada).<\/p>\n<p>Solicitamos la colaboraci\u00f3n de la ciudadan\u00eda para suministrar cualquier informaci\u00f3n relevante comunic\u00e1ndose de inmediato al n\u00famero de emergencia 101. Alternativamente, pueden contactar a la Divisi\u00f3n Comisar\u00eda Local a trav\u00e9s del n\u00famero 02902-421172 o al Oficial de Servicio al 2966 15636649.<\/p>\n<p>Es fundamental la participaci\u00f3n de la comunidad en este esfuerzo conjunto para asegurar la pronta y segura localizaci\u00f3n de Dylan.<\/p>\n","protected":false},"excerpt":{"rendered":"<p>La Divisi\u00f3n Comisar\u00eda Local, en colaboraci\u00f3n con diversas unidades operativas, incluido el personal de la Divisi\u00f3n de Investigaciones, est\u00e1 intensificando<\/p>\n","protected":false},"author":8,"featured_media":13018,"comment_status":"open","ping_status":"closed","sticky":false,"template":"","format":"standard","meta":{"footnotes":""},"categories":[36],"tags":[],"class_list":["post-13017","post","type-post","status-publish","format-standard","has-post-thumbnail","hentry","category-policiales"],"_links":{"self":[{"href":"https:\/\/ecosdelsur.com\/index.php?rest_route=\/wp\/v2\/posts\/13017","targetHints":{"allow":["GET"]}}],"collection":[{"href":"https:\/\/ecosdelsur.com\/index.php?rest_route=\/wp\/v2\/posts"}],"about":[{"href":"https:\/\/ecosdelsur.com\/index.php?rest_route=\/wp\/v2\/types\/post"}],"author":[{"embeddable":true,"href":"https:\/\/ecosdelsur.com\/index.php?rest_route=\/wp\/v2\/users\/8"}],"replies":[{"embeddable":true,"href":"https:\/\/ecosdelsur.com\/index.php?rest_route=%2Fwp%2Fv2%2Fcomments&post=13017"}],"version-history":[{"count":0,"href":"https:\/\/ecosdelsur.com\/index.php?rest_route=\/wp\/v2\/posts\/13017\/revisions"}],"wp:featuredmedia":[{"embeddable":true,"href":"https:\/\/ecosdelsur.com\/index.php?rest_route=\/wp\/v2\/media\/13018"}],"wp:attachment":[{"href":"https:\/\/ecosdelsur.com\/index.php?rest_route=%2Fwp%2Fv2%2Fmedia&parent=13017"}],"wp:term":[{"taxonomy":"category","embeddable":true,"href":"https:\/\/ecosdelsur.com\/index.php?rest_route=%2Fwp%2Fv2%2Fcategories&post=13017"},{"taxonomy":"post_tag","embeddable":true,"href":"https:\/\/ecosdelsur.com\/index.php?rest_route=%2Fwp%2Fv2%2Ftags&post=13017"}],"curies":[{"name":"wp","href":"https:\/\/api.w.org\/{rel}","templated":true}]}}