{"id":13010,"date":"2024-01-05T04:53:07","date_gmt":"2024-01-05T04:53:07","guid":{"rendered":"https:\/\/ecosdelsur.com\/?p=13010"},"modified":"2024-01-05T05:00:46","modified_gmt":"2024-01-05T05:00:46","slug":"llamado-a-la-solidaridad-roberto-tevez-debe-realizarse-una-operacion-de-urgencia-por-un-tumor-nasal","status":"publish","type":"post","link":"https:\/\/ecosdelsur.com\/?p=13010","title":{"rendered":"Llamado a la solidaridad: Roberto Tevez debe realizarse una operaci\u00f3n de urgencia por un tumor nasal"},"content":{"rendered":"<p>04\/01\/2023- La familia y amigos iniciaron una campa\u00f1a para juntar fondos para acompa\u00f1ar en los gastos a Roberto, <img decoding=\"async\" class=\"size-large wp-image-13012 alignright lazyload\" data-src=\"https:\/\/ecosdelsur.com\/wp-content\/uploads\/2024\/01\/WhatsApp-Image-2024-01-04-at-23.29.39-580x1024.jpeg\" alt=\"\" width=\"580\" height=\"1024\" data-srcset=\"https:\/\/ecosdelsur.com\/wp-content\/uploads\/2024\/01\/WhatsApp-Image-2024-01-04-at-23.29.39-scaled.jpeg 580w, https:\/\/ecosdelsur.com\/wp-content\/uploads\/2024\/01\/WhatsApp-Image-2024-01-04-at-23.29.39-170x300.jpeg 170w, https:\/\/ecosdelsur.com\/wp-content\/uploads\/2024\/01\/WhatsApp-Image-2024-01-04-at-23.29.39-768x1356.jpeg 768w, https:\/\/ecosdelsur.com\/wp-content\/uploads\/2024\/01\/WhatsApp-Image-2024-01-04-at-23.29.39-870x1536.jpeg 870w\" data-sizes=\"(max-width: 580px) 100vw, 580px\" src=\"data:image\/svg+xml;base64,PHN2ZyB3aWR0aD0iMSIgaGVpZ2h0PSIxIiB4bWxucz0iaHR0cDovL3d3dy53My5vcmcvMjAwMC9zdmciPjwvc3ZnPg==\" style=\"--smush-placeholder-width: 580px; --smush-placeholder-aspect-ratio: 580\/1024;\" \/>porque la obra social no cubre la intervenci\u00f3n.<\/p>\n<p>El jueves lo operan de urgencia \u00a0en el Sanatorio Adventista en Libertador San Mart\u00edn, Entre R\u00edos.<\/p>\n<p><strong>Roberto Tevez<\/strong> fue diagnosticado con un tumor nasal y debe realizarse una operaci\u00f3n de urgencia, dicha intervenci\u00f3n debe realizarse en \u00a0Entre R\u00edos, desafortunadamente la obra social no cubre la operaci\u00f3n y por tal motivo la familia est\u00e1 solicitando de su colaboraci\u00f3n para poder afrontar dicha operaci\u00f3n.<\/p>\n<p>\u201cCualquier granito de arena es de mucha ayuda\u201d, manifestaron desde el entorno familiar al indicar que todos aquellos que quieran colaborar\u00a0 pueden hacerlo a la siguiente <strong>cuenta a nombre\u00a0 de Brigitte Reinhardt<\/strong>:<\/p>\n<p><strong>Alias:<\/strong> ayuda.para.ro<\/p>\n<p><strong>CVU:<\/strong> 0000003100077345336745 <strong>Cuil<\/strong> 27-35838858-8<\/p>\n<p><strong> Celular<\/strong> 297-4035855.<\/p>\n","protected":false},"excerpt":{"rendered":"<p>04\/01\/2023- La familia y amigos iniciaron una campa\u00f1a para juntar fondos para acompa\u00f1ar en los gastos a Roberto, porque la<\/p>\n","protected":false},"author":8,"featured_media":13011,"comment_status":"open","ping_status":"closed","sticky":false,"template":"","format":"standard","meta":{"footnotes":""},"categories":[34],"tags":[],"class_list":["post-13010","post","type-post","status-publish","format-standard","has-post-thumbnail","hentry","category-economia"],"_links":{"self":[{"href":"https:\/\/ecosdelsur.com\/index.php?rest_route=\/wp\/v2\/posts\/13010","targetHints":{"allow":["GET"]}}],"collection":[{"href":"https:\/\/ecosdelsur.com\/index.php?rest_route=\/wp\/v2\/posts"}],"about":[{"href":"https:\/\/ecosdelsur.com\/index.php?rest_route=\/wp\/v2\/types\/post"}],"author":[{"embeddable":true,"href":"https:\/\/ecosdelsur.com\/index.php?rest_route=\/wp\/v2\/users\/8"}],"replies":[{"embeddable":true,"href":"https:\/\/ecosdelsur.com\/index.php?rest_route=%2Fwp%2Fv2%2Fcomments&post=13010"}],"version-history":[{"count":0,"href":"https:\/\/ecosdelsur.com\/index.php?rest_route=\/wp\/v2\/posts\/13010\/revisions"}],"wp:featuredmedia":[{"embeddable":true,"href":"https:\/\/ecosdelsur.com\/index.php?rest_route=\/wp\/v2\/media\/13011"}],"wp:attachment":[{"href":"https:\/\/ecosdelsur.com\/index.php?rest_route=%2Fwp%2Fv2%2Fmedia&parent=13010"}],"wp:term":[{"taxonomy":"category","embeddable":true,"href":"https:\/\/ecosdelsur.com\/index.php?rest_route=%2Fwp%2Fv2%2Fcategories&post=13010"},{"taxonomy":"post_tag","embeddable":true,"href":"https:\/\/ecosdelsur.com\/index.php?rest_route=%2Fwp%2Fv2%2Ftags&post=13010"}],"curies":[{"name":"wp","href":"https:\/\/api.w.org\/{rel}","templated":true}]}}