{"id":12977,"date":"2024-01-05T00:28:04","date_gmt":"2024-01-05T00:28:04","guid":{"rendered":"https:\/\/ecosdelsur.com\/?p=12977"},"modified":"2024-01-05T02:02:59","modified_gmt":"2024-01-05T02:02:59","slug":"un-feriante-con-registro-unico-municipal-podra-vender-en-cualquier-espacio-de-la-ciudad","status":"publish","type":"post","link":"https:\/\/ecosdelsur.com\/?p=12977","title":{"rendered":"Un feriante con registro \u00fanico municipal podr\u00e1 vender en cualquier espacio de la ciudad"},"content":{"rendered":"<p>04\/01\/2023- El Municipio de Caleta Olivia y feriantes acordaron nueva modalidad.<img decoding=\"async\" class=\"alignnone size-full wp-image-13005 lazyload\" data-src=\"https:\/\/ecosdelsur.com\/wp-content\/uploads\/2024\/01\/DSC_4529.jpg\" alt=\"\" width=\"1024\" height=\"623\" data-srcset=\"https:\/\/ecosdelsur.com\/wp-content\/uploads\/2024\/01\/DSC_4529.jpg 1024w, https:\/\/ecosdelsur.com\/wp-content\/uploads\/2024\/01\/DSC_4529-300x183.jpg 300w, https:\/\/ecosdelsur.com\/wp-content\/uploads\/2024\/01\/DSC_4529-768x467.jpg 768w\" data-sizes=\"(max-width: 1024px) 100vw, 1024px\" src=\"data:image\/svg+xml;base64,PHN2ZyB3aWR0aD0iMSIgaGVpZ2h0PSIxIiB4bWxucz0iaHR0cDovL3d3dy53My5vcmcvMjAwMC9zdmciPjwvc3ZnPg==\" style=\"--smush-placeholder-width: 1024px; --smush-placeholder-aspect-ratio: 1024\/623;\" \/><\/p>\n<p>Autoridades de la Secretar\u00edas Socioecon\u00f3mica y de Deporte y Cultura, se reunieron con feriantes para acordar la modalidad de las ferias que se realizar\u00e1n durante este verano.<img decoding=\"async\" class=\"alignnone size-full wp-image-13004 lazyload\" data-src=\"https:\/\/ecosdelsur.com\/wp-content\/uploads\/2024\/01\/DSC_4510.jpg\" alt=\"\" width=\"1024\" height=\"574\" data-srcset=\"https:\/\/ecosdelsur.com\/wp-content\/uploads\/2024\/01\/DSC_4510.jpg 1024w, https:\/\/ecosdelsur.com\/wp-content\/uploads\/2024\/01\/DSC_4510-300x168.jpg 300w, https:\/\/ecosdelsur.com\/wp-content\/uploads\/2024\/01\/DSC_4510-768x431.jpg 768w\" data-sizes=\"(max-width: 1024px) 100vw, 1024px\" src=\"data:image\/svg+xml;base64,PHN2ZyB3aWR0aD0iMSIgaGVpZ2h0PSIxIiB4bWxucz0iaHR0cDovL3d3dy53My5vcmcvMjAwMC9zdmciPjwvc3ZnPg==\" style=\"--smush-placeholder-width: 1024px; --smush-placeholder-aspect-ratio: 1024\/574;\" \/><\/p>\n<p>La actividad estaba frenada por no ser contemplada en normativas de comercio. Al no estar inclu\u00eddo el rubro en la org\u00e1nica de Comercio, existe un \u201cgris\u201d que impide su realizaci\u00f3n en espacios tanto cerrados como abiertos.<img decoding=\"async\" class=\"alignnone size-full wp-image-13001 lazyload\" data-src=\"https:\/\/ecosdelsur.com\/wp-content\/uploads\/2024\/01\/DSC_4495.jpg\" alt=\"\" width=\"1024\" height=\"597\" data-srcset=\"https:\/\/ecosdelsur.com\/wp-content\/uploads\/2024\/01\/DSC_4495.jpg 1024w, https:\/\/ecosdelsur.com\/wp-content\/uploads\/2024\/01\/DSC_4495-300x175.jpg 300w, https:\/\/ecosdelsur.com\/wp-content\/uploads\/2024\/01\/DSC_4495-768x448.jpg 768w\" data-sizes=\"(max-width: 1024px) 100vw, 1024px\" src=\"data:image\/svg+xml;base64,PHN2ZyB3aWR0aD0iMSIgaGVpZ2h0PSIxIiB4bWxucz0iaHR0cDovL3d3dy53My5vcmcvMjAwMC9zdmciPjwvc3ZnPg==\" style=\"--smush-placeholder-width: 1024px; --smush-placeholder-aspect-ratio: 1024\/597;\" \/><\/p>\n<p>Adem\u00e1s, con las actividades veraniegas de colonias, deportivas y recreativas, la Municipalidad requiere de la disposici\u00f3n de todos sus gimnasios. Por ese motivo, se suspendi\u00f3 la realizaci\u00f3n de las ferias en el Gimnasio Enrique Mosconi.<img decoding=\"async\" class=\"alignnone size-full wp-image-13006 lazyload\" data-src=\"https:\/\/ecosdelsur.com\/wp-content\/uploads\/2024\/01\/DSC_4538.jpg\" alt=\"\" width=\"1024\" height=\"600\" data-srcset=\"https:\/\/ecosdelsur.com\/wp-content\/uploads\/2024\/01\/DSC_4538.jpg 1024w, https:\/\/ecosdelsur.com\/wp-content\/uploads\/2024\/01\/DSC_4538-300x176.jpg 300w, https:\/\/ecosdelsur.com\/wp-content\/uploads\/2024\/01\/DSC_4538-768x450.jpg 768w\" data-sizes=\"(max-width: 1024px) 100vw, 1024px\" src=\"data:image\/svg+xml;base64,PHN2ZyB3aWR0aD0iMSIgaGVpZ2h0PSIxIiB4bWxucz0iaHR0cDovL3d3dy53My5vcmcvMjAwMC9zdmciPjwvc3ZnPg==\" style=\"--smush-placeholder-width: 1024px; --smush-placeholder-aspect-ratio: 1024\/600;\" \/><\/p>\n<p>La propuesta de generar un registro \u00fanico y obtener una autorizaci\u00f3n tuvo buena aceptaci\u00f3n para que se reanuden este tipo de ferias, sum\u00e1ndose tambi\u00e9n a las actividades que se organicen desde otros sectores del municipio.<\/p>\n<p>La secretaria Socioecon\u00f3mica Pamela Gonz\u00e1lez, destac\u00f3 luego de la reuni\u00f3n que \u201cla intenci\u00f3n era poder dar respuesta al requerimiento de los feriantes que no pod\u00edan trabajar\u201d.<img decoding=\"async\" class=\"alignnone size-full wp-image-13007 lazyload\" data-src=\"https:\/\/ecosdelsur.com\/wp-content\/uploads\/2024\/01\/DSC_4540.jpg\" alt=\"\" width=\"1024\" height=\"678\" data-srcset=\"https:\/\/ecosdelsur.com\/wp-content\/uploads\/2024\/01\/DSC_4540.jpg 1024w, https:\/\/ecosdelsur.com\/wp-content\/uploads\/2024\/01\/DSC_4540-300x199.jpg 300w, https:\/\/ecosdelsur.com\/wp-content\/uploads\/2024\/01\/DSC_4540-768x509.jpg 768w\" data-sizes=\"(max-width: 1024px) 100vw, 1024px\" src=\"data:image\/svg+xml;base64,PHN2ZyB3aWR0aD0iMSIgaGVpZ2h0PSIxIiB4bWxucz0iaHR0cDovL3d3dy53My5vcmcvMjAwMC9zdmciPjwvc3ZnPg==\" style=\"--smush-placeholder-width: 1024px; --smush-placeholder-aspect-ratio: 1024\/678;\" \/><\/p>\n<p>Los mismos, hab\u00edan iniciado reuniones para ponerse de acuerdo en sus posturas y desde el municipio se los convoc\u00f3 al di\u00e1logo.<\/p>\n<p>A partir del fin de semana del 13 de enero podr\u00e1n disponer de un espacio en el Estadio Municipal y los feriantes podr\u00e1n seguir con sus actividades en otros lugares como uniones vecinales.<\/p>\n<p><strong>El requisito es que se encuentren empadronados.<\/strong><\/p>\n<p>El proceso de registro iniciar\u00e1 el 5 de enero y se extender\u00e1 hasta el 1 de Febrero. Los interesados podr\u00e1n inscribirse en las oficinas de Comercio de lunes a viernes de 9 a 14 horas. El empadronamiento durar\u00e1 un mes, y podr\u00e1 renovarse.<img decoding=\"async\" class=\"alignnone size-full wp-image-13008 lazyload\" data-src=\"https:\/\/ecosdelsur.com\/wp-content\/uploads\/2024\/01\/DSC_4541.jpg\" alt=\"\" width=\"1024\" height=\"656\" data-srcset=\"https:\/\/ecosdelsur.com\/wp-content\/uploads\/2024\/01\/DSC_4541.jpg 1024w, https:\/\/ecosdelsur.com\/wp-content\/uploads\/2024\/01\/DSC_4541-300x192.jpg 300w, https:\/\/ecosdelsur.com\/wp-content\/uploads\/2024\/01\/DSC_4541-768x492.jpg 768w\" data-sizes=\"(max-width: 1024px) 100vw, 1024px\" src=\"data:image\/svg+xml;base64,PHN2ZyB3aWR0aD0iMSIgaGVpZ2h0PSIxIiB4bWxucz0iaHR0cDovL3d3dy53My5vcmcvMjAwMC9zdmciPjwvc3ZnPg==\" style=\"--smush-placeholder-width: 1024px; --smush-placeholder-aspect-ratio: 1024\/656;\" \/><\/p>\n<p>La subsecretaria de Comercio Karen Carrera agreg\u00f3, que ante la situaci\u00f3n planteada \u201cVimos toda la necesidad de la gente, la idea es trabajar en conjunto y buscar la soluci\u00f3n\u201d.<\/p>\n<p>En la reuni\u00f3n estuvieron presentes emprendedores, feriantes y manualeros.<\/p>\n<p>Seg\u00fan manifest\u00f3 el Secretario de Cultura y Deporte, David Jones, \u201cesta reuni\u00f3n es para que todos est\u00e9n representados y todos puedan hablar\u201d.<\/p>\n<p>Es as\u00ed que una de las feriantes destac\u00f3 que el pedido de un espacio f\u00edsico para las ventas se est\u00e1 solicitando hace 8 a\u00f1os.<\/p>\n","protected":false},"excerpt":{"rendered":"<p>04\/01\/2023- El Municipio de Caleta Olivia y feriantes acordaron nueva modalidad. Autoridades de la Secretar\u00edas Socioecon\u00f3mica y de Deporte y<\/p>\n","protected":false},"author":8,"featured_media":13003,"comment_status":"open","ping_status":"closed","sticky":false,"template":"","format":"standard","meta":{"footnotes":""},"categories":[40],"tags":[60,254],"class_list":["post-12977","post","type-post","status-publish","format-standard","has-post-thumbnail","hentry","category-municipales","tag-caleta-olivia","tag-municipio"],"_links":{"self":[{"href":"https:\/\/ecosdelsur.com\/index.php?rest_route=\/wp\/v2\/posts\/12977","targetHints":{"allow":["GET"]}}],"collection":[{"href":"https:\/\/ecosdelsur.com\/index.php?rest_route=\/wp\/v2\/posts"}],"about":[{"href":"https:\/\/ecosdelsur.com\/index.php?rest_route=\/wp\/v2\/types\/post"}],"author":[{"embeddable":true,"href":"https:\/\/ecosdelsur.com\/index.php?rest_route=\/wp\/v2\/users\/8"}],"replies":[{"embeddable":true,"href":"https:\/\/ecosdelsur.com\/index.php?rest_route=%2Fwp%2Fv2%2Fcomments&post=12977"}],"version-history":[{"count":0,"href":"https:\/\/ecosdelsur.com\/index.php?rest_route=\/wp\/v2\/posts\/12977\/revisions"}],"wp:featuredmedia":[{"embeddable":true,"href":"https:\/\/ecosdelsur.com\/index.php?rest_route=\/wp\/v2\/media\/13003"}],"wp:attachment":[{"href":"https:\/\/ecosdelsur.com\/index.php?rest_route=%2Fwp%2Fv2%2Fmedia&parent=12977"}],"wp:term":[{"taxonomy":"category","embeddable":true,"href":"https:\/\/ecosdelsur.com\/index.php?rest_route=%2Fwp%2Fv2%2Fcategories&post=12977"},{"taxonomy":"post_tag","embeddable":true,"href":"https:\/\/ecosdelsur.com\/index.php?rest_route=%2Fwp%2Fv2%2Ftags&post=12977"}],"curies":[{"name":"wp","href":"https:\/\/api.w.org\/{rel}","templated":true}]}}