{"id":12968,"date":"2024-01-04T23:36:19","date_gmt":"2024-01-04T23:36:19","guid":{"rendered":"https:\/\/ecosdelsur.com\/?p=12968"},"modified":"2024-01-05T01:32:42","modified_gmt":"2024-01-05T01:32:42","slug":"investigacion-por-herido-con-arma-de-fuego-desencadena-en-un-allanamiento-por-una-fiesta-clandestina","status":"publish","type":"post","link":"https:\/\/ecosdelsur.com\/?p=12968","title":{"rendered":"Investigaci\u00f3n por herido con arma de fuego, desencadena en un allanamiento por una fiesta clandestina"},"content":{"rendered":"<p>04\/01\/2023- El dia 1\u00b0 de Enero, a las 07:45 hs, la Divisi\u00f3n Comisar\u00eda Segunda de Caleta Olivia, llev\u00f3 a cabo un operativo en la intersecci\u00f3n de calles Estrada y Lavalle 2143, tras recibir informaci\u00f3n telef\u00f3nica sobre la presencia policial en el lugar debido a una persona herida con arma de fuego.<img decoding=\"async\" class=\"size-full wp-image-12973 aligncenter lazyload\" data-src=\"https:\/\/ecosdelsur.com\/wp-content\/uploads\/2024\/01\/29f6d56b-3c8d-495d-949a-b6b1d8ecccb4.jpg\" alt=\"\" width=\"640\" height=\"329\" data-srcset=\"https:\/\/ecosdelsur.com\/wp-content\/uploads\/2024\/01\/29f6d56b-3c8d-495d-949a-b6b1d8ecccb4.jpg 640w, https:\/\/ecosdelsur.com\/wp-content\/uploads\/2024\/01\/29f6d56b-3c8d-495d-949a-b6b1d8ecccb4-300x154.jpg 300w\" data-sizes=\"(max-width: 640px) 100vw, 640px\" src=\"data:image\/svg+xml;base64,PHN2ZyB3aWR0aD0iMSIgaGVpZ2h0PSIxIiB4bWxucz0iaHR0cDovL3d3dy53My5vcmcvMjAwMC9zdmciPjwvc3ZnPg==\" style=\"--smush-placeholder-width: 640px; --smush-placeholder-aspect-ratio: 640\/329;\" \/><\/p>\n<p>Al llegar al sitio, se encontr\u00f3 un tumulto de personas saliendo de un inmueble cercano al local &#8220;TATETI&#8221;, destinado a fiestas infantiles. El encargado del lugar, inform\u00f3 que momentos antes hab\u00edan evacuado a un hombre de\u00a0 25 a\u00f1os, quien estaba siendo agredido en la v\u00eda p\u00fablica por personas del Sindicato camionero. El hombre presentaba lesiones faciales y una herida en la pierna derecha por lo que personal m\u00e9dico del Hospital lo traslad\u00f3 al nosocomio.<\/p>\n<p>En ese momento se realizaron diligencias periciales, resultando en el secuestro preventivo de una motocicleta sin patente.<\/p>\n<p>Por ello, luego de las tareas investigativas, este jueves en horas de la tarde, con la coordinaci\u00f3n de la Direcci\u00f3n General Regional Norte, se ejecut\u00f3 una orden de allanamiento en el domicilio ubicado en calle Estrada al 2100. Bajo la supervisi\u00f3n del Director General Comisario Inspector Handell Davies, se secuestraron heladeras, freezers, equipos de sonido y bebidas alcoh\u00f3licas. La Subsecretar\u00eda de Comercio del municipio constat\u00f3 la falta de habilitaci\u00f3n comercial, procediendo a la clausura del recinto con la participaci\u00f3n del Juzgado de Faltas, dirigido por el Dr. Marcos P\u00e9rez Soruco a cargo del Juzgado de Instrucci\u00f3n Penal Nro. Dos de Caleta Olivia.<\/p>\n<p>Este operativo revel\u00f3 la existencia de una fiesta clandestina en un lugar no habilitado, destacando la colaboraci\u00f3n entre las autoridades policiales, judiciales y de municipio local, para mantener la seguridad y la legalidad en nuestra comunidad.<\/p>\n","protected":false},"excerpt":{"rendered":"<p>04\/01\/2023- El dia 1\u00b0 de Enero, a las 07:45 hs, la Divisi\u00f3n Comisar\u00eda Segunda de Caleta Olivia, llev\u00f3 a cabo<\/p>\n","protected":false},"author":8,"featured_media":12972,"comment_status":"open","ping_status":"closed","sticky":false,"template":"","format":"standard","meta":{"footnotes":""},"categories":[36],"tags":[315,60,61],"class_list":["post-12968","post","type-post","status-publish","format-standard","has-post-thumbnail","hentry","category-policiales","tag-allanamiento","tag-caleta-olivia","tag-policiales"],"_links":{"self":[{"href":"https:\/\/ecosdelsur.com\/index.php?rest_route=\/wp\/v2\/posts\/12968","targetHints":{"allow":["GET"]}}],"collection":[{"href":"https:\/\/ecosdelsur.com\/index.php?rest_route=\/wp\/v2\/posts"}],"about":[{"href":"https:\/\/ecosdelsur.com\/index.php?rest_route=\/wp\/v2\/types\/post"}],"author":[{"embeddable":true,"href":"https:\/\/ecosdelsur.com\/index.php?rest_route=\/wp\/v2\/users\/8"}],"replies":[{"embeddable":true,"href":"https:\/\/ecosdelsur.com\/index.php?rest_route=%2Fwp%2Fv2%2Fcomments&post=12968"}],"version-history":[{"count":0,"href":"https:\/\/ecosdelsur.com\/index.php?rest_route=\/wp\/v2\/posts\/12968\/revisions"}],"wp:featuredmedia":[{"embeddable":true,"href":"https:\/\/ecosdelsur.com\/index.php?rest_route=\/wp\/v2\/media\/12972"}],"wp:attachment":[{"href":"https:\/\/ecosdelsur.com\/index.php?rest_route=%2Fwp%2Fv2%2Fmedia&parent=12968"}],"wp:term":[{"taxonomy":"category","embeddable":true,"href":"https:\/\/ecosdelsur.com\/index.php?rest_route=%2Fwp%2Fv2%2Fcategories&post=12968"},{"taxonomy":"post_tag","embeddable":true,"href":"https:\/\/ecosdelsur.com\/index.php?rest_route=%2Fwp%2Fv2%2Ftags&post=12968"}],"curies":[{"name":"wp","href":"https:\/\/api.w.org\/{rel}","templated":true}]}}