{"id":12961,"date":"2024-01-04T21:31:04","date_gmt":"2024-01-04T21:31:04","guid":{"rendered":"https:\/\/ecosdelsur.com\/?p=12961"},"modified":"2024-01-04T21:31:04","modified_gmt":"2024-01-04T21:31:04","slug":"vidal-se-reunio-con-el-embajador-de-emiratos-arabes-unidos-para-analizar-inversiones","status":"publish","type":"post","link":"https:\/\/ecosdelsur.com\/?p=12961","title":{"rendered":"Vidal se reuni\u00f3 con el embajador de Emiratos \u00c1rabes Unidos para analizar inversiones"},"content":{"rendered":"<p><span style=\"font-size: 16px;\">04\/01\/2023-El mandatario provincial mantuvo una comunicaci\u00f3n virtual con el representante de la naci\u00f3n \u00e1rabe. Resalt\u00f3 la posibilidad de convenios de cooperaci\u00f3n conjunta y de inversiones directas en la provincia. A la vez destac\u00f3 los \u201cm\u00faltiples recursos\u201d que posee la provincia de Santa Cruz.<img decoding=\"async\" class=\"alignnone size-full wp-image-12962 lazyload\" data-src=\"https:\/\/ecosdelsur.com\/wp-content\/uploads\/2024\/01\/a54103041a9a7ed89ee248f5d61808d4_XL.jpg\" alt=\"\" width=\"721\" height=\"444\" data-srcset=\"https:\/\/ecosdelsur.com\/wp-content\/uploads\/2024\/01\/a54103041a9a7ed89ee248f5d61808d4_XL.jpg 721w, https:\/\/ecosdelsur.com\/wp-content\/uploads\/2024\/01\/a54103041a9a7ed89ee248f5d61808d4_XL-300x185.jpg 300w\" data-sizes=\"(max-width: 721px) 100vw, 721px\" src=\"data:image\/svg+xml;base64,PHN2ZyB3aWR0aD0iMSIgaGVpZ2h0PSIxIiB4bWxucz0iaHR0cDovL3d3dy53My5vcmcvMjAwMC9zdmciPjwvc3ZnPg==\" style=\"--smush-placeholder-width: 721px; --smush-placeholder-aspect-ratio: 721\/444;\" \/><\/span><\/p>\n<div class=\"itemFullText\">\n<p>El gobernador de Santa Cruz, Claudio Vidal, mantuvo este jueves una reuni\u00f3n virtual con el embajador de Emiratos \u00c1rabes Unidos en la Argentina, Saeed Abdulla Saif Joula. Con el acento puesto en la producci\u00f3n y el desarrollo industrial, el mandatario santacruce\u00f1o resalt\u00f3 la importancia de recibir inversi\u00f3n extranjera directa.<img decoding=\"async\" class=\"alignnone size-full wp-image-12963 lazyload\" data-src=\"https:\/\/ecosdelsur.com\/wp-content\/uploads\/2024\/01\/Imagen_2.jpg\" alt=\"\" width=\"805\" height=\"494\" data-srcset=\"https:\/\/ecosdelsur.com\/wp-content\/uploads\/2024\/01\/Imagen_2.jpg 805w, https:\/\/ecosdelsur.com\/wp-content\/uploads\/2024\/01\/Imagen_2-300x184.jpg 300w, https:\/\/ecosdelsur.com\/wp-content\/uploads\/2024\/01\/Imagen_2-768x471.jpg 768w\" data-sizes=\"(max-width: 805px) 100vw, 805px\" src=\"data:image\/svg+xml;base64,PHN2ZyB3aWR0aD0iMSIgaGVpZ2h0PSIxIiB4bWxucz0iaHR0cDovL3d3dy53My5vcmcvMjAwMC9zdmciPjwvc3ZnPg==\" style=\"--smush-placeholder-width: 805px; --smush-placeholder-aspect-ratio: 805\/494;\" \/><\/p>\n<p>Dijo que \u201cel encuentro sirvi\u00f3 para iniciar un camino orientado a las inversiones que promuevan la utilizaci\u00f3n de nuestros recursos naturales, focalizados en la producci\u00f3n y el trabajo de nuestro pueblo santacruce\u00f1o\u201d.<\/p>\n<p>El mandatario provincial manifest\u00f3 que la charla gir\u00f3 en torno a la \u201crelevancia que tiene nuestra provincia en la Argentina, ya que Santa Cruz se caracteriza por ser la segunda en extensi\u00f3n territorial; lo que la convierte en un actor clave tambi\u00e9n en el escenario internacional\u201d.<\/p>\n<p>El representante de la naci\u00f3n \u00e1rabe, que sigui\u00f3 la reuni\u00f3n desde Dubai, mostr\u00f3 inter\u00e9s en el desarrollo de la provincia y asegur\u00f3 que visitar\u00e1 Santa Cruz en poco tiempo.<\/p>\n<p>Vidal reiter\u00f3 que \u201cnuestra provincia ofrece m\u00faltiples virtudes. Con vastos recursos en pesca, miner\u00eda, petr\u00f3leo, gas y energ\u00eda, nuestra tierra se presenta como un crisol de oportunidades. Las puertas de Santa Cruz est\u00e1n abiertas para todos aquellos visionarios que deseen contribuir al crecimiento econ\u00f3mico\u201d.<\/p>\n<p>En ese sentido, analiz\u00f3 que es \u201cun momento crucial para la cooperaci\u00f3n internacional, abogamos por la unidad y solidaridad entre naciones. Santa Cruz se posiciona como un actor comprometido con el progreso y est\u00e1 dispuesta a recibir a aquellos que deseen ser parte de nuestro camino hacia el desarrollo sostenible, y la prosperidad compartida\u201d.<\/p>\n<\/div>\n","protected":false},"excerpt":{"rendered":"<p>04\/01\/2023-El mandatario provincial mantuvo una comunicaci\u00f3n virtual con el representante de la naci\u00f3n \u00e1rabe. Resalt\u00f3 la posibilidad de convenios de<\/p>\n","protected":false},"author":8,"featured_media":12964,"comment_status":"open","ping_status":"closed","sticky":false,"template":"","format":"standard","meta":{"footnotes":""},"categories":[33],"tags":[],"class_list":["post-12961","post","type-post","status-publish","format-standard","has-post-thumbnail","hentry","category-politica"],"_links":{"self":[{"href":"https:\/\/ecosdelsur.com\/index.php?rest_route=\/wp\/v2\/posts\/12961","targetHints":{"allow":["GET"]}}],"collection":[{"href":"https:\/\/ecosdelsur.com\/index.php?rest_route=\/wp\/v2\/posts"}],"about":[{"href":"https:\/\/ecosdelsur.com\/index.php?rest_route=\/wp\/v2\/types\/post"}],"author":[{"embeddable":true,"href":"https:\/\/ecosdelsur.com\/index.php?rest_route=\/wp\/v2\/users\/8"}],"replies":[{"embeddable":true,"href":"https:\/\/ecosdelsur.com\/index.php?rest_route=%2Fwp%2Fv2%2Fcomments&post=12961"}],"version-history":[{"count":0,"href":"https:\/\/ecosdelsur.com\/index.php?rest_route=\/wp\/v2\/posts\/12961\/revisions"}],"wp:featuredmedia":[{"embeddable":true,"href":"https:\/\/ecosdelsur.com\/index.php?rest_route=\/wp\/v2\/media\/12964"}],"wp:attachment":[{"href":"https:\/\/ecosdelsur.com\/index.php?rest_route=%2Fwp%2Fv2%2Fmedia&parent=12961"}],"wp:term":[{"taxonomy":"category","embeddable":true,"href":"https:\/\/ecosdelsur.com\/index.php?rest_route=%2Fwp%2Fv2%2Fcategories&post=12961"},{"taxonomy":"post_tag","embeddable":true,"href":"https:\/\/ecosdelsur.com\/index.php?rest_route=%2Fwp%2Fv2%2Ftags&post=12961"}],"curies":[{"name":"wp","href":"https:\/\/api.w.org\/{rel}","templated":true}]}}