{"id":12950,"date":"2024-01-04T18:19:13","date_gmt":"2024-01-04T18:19:13","guid":{"rendered":"https:\/\/ecosdelsur.com\/?p=12950"},"modified":"2024-01-04T18:19:13","modified_gmt":"2024-01-04T18:19:13","slug":"toto-aviles-visito-al-gobernador-claudio-vidal-en-casa-de-gobierno","status":"publish","type":"post","link":"https:\/\/ecosdelsur.com\/?p=12950","title":{"rendered":"Toto Avil\u00e9s visit\u00f3 al gobernador Claudio Vidal en Casa de Gobierno"},"content":{"rendered":"<p>04\/01\/2023-Dando continuidad a las actividades previstas para esta jornada, el gobernador Claudio Vidal recibi\u00f3 a Tom\u00e1s &#8220;Toto&#8221; Avil\u00e9s, quien actualmente desarrolla su carrera futbol\u00edstica en el Inter de Miami junto a Lionel Messi, en su despacho de Casa de Gobierno. <img decoding=\"async\" class=\"alignnone size-large wp-image-12951 lazyload\" data-src=\"https:\/\/ecosdelsur.com\/wp-content\/uploads\/2024\/01\/413025716_915937389891432_2928585149646442976_n-1024x660.jpg\" alt=\"\" width=\"800\" height=\"516\" data-srcset=\"https:\/\/ecosdelsur.com\/wp-content\/uploads\/2024\/01\/413025716_915937389891432_2928585149646442976_n-scaled.jpg 1024w, https:\/\/ecosdelsur.com\/wp-content\/uploads\/2024\/01\/413025716_915937389891432_2928585149646442976_n-300x193.jpg 300w, https:\/\/ecosdelsur.com\/wp-content\/uploads\/2024\/01\/413025716_915937389891432_2928585149646442976_n-768x495.jpg 768w, https:\/\/ecosdelsur.com\/wp-content\/uploads\/2024\/01\/413025716_915937389891432_2928585149646442976_n-1536x990.jpg 1536w\" data-sizes=\"(max-width: 800px) 100vw, 800px\" src=\"data:image\/svg+xml;base64,PHN2ZyB3aWR0aD0iMSIgaGVpZ2h0PSIxIiB4bWxucz0iaHR0cDovL3d3dy53My5vcmcvMjAwMC9zdmciPjwvc3ZnPg==\" style=\"--smush-placeholder-width: 800px; --smush-placeholder-aspect-ratio: 800\/516;\" \/>Dialogaron acerca del presente del riogalleguense, y la importancia del deporte para contener y acompa\u00f1ar a los j\u00f3venes.<img decoding=\"async\" class=\"alignnone size-large wp-image-12952 lazyload\" data-src=\"https:\/\/ecosdelsur.com\/wp-content\/uploads\/2024\/01\/413027814_915937269891444_3240618679657336495_n_1-1024x651.jpg\" alt=\"\" width=\"800\" height=\"509\" data-srcset=\"https:\/\/ecosdelsur.com\/wp-content\/uploads\/2024\/01\/413027814_915937269891444_3240618679657336495_n_1-scaled.jpg 1024w, https:\/\/ecosdelsur.com\/wp-content\/uploads\/2024\/01\/413027814_915937269891444_3240618679657336495_n_1-300x191.jpg 300w, https:\/\/ecosdelsur.com\/wp-content\/uploads\/2024\/01\/413027814_915937269891444_3240618679657336495_n_1-768x488.jpg 768w\" data-sizes=\"(max-width: 800px) 100vw, 800px\" src=\"data:image\/svg+xml;base64,PHN2ZyB3aWR0aD0iMSIgaGVpZ2h0PSIxIiB4bWxucz0iaHR0cDovL3d3dy53My5vcmcvMjAwMC9zdmciPjwvc3ZnPg==\" style=\"--smush-placeholder-width: 800px; --smush-placeholder-aspect-ratio: 800\/509;\" \/><\/p>\n<p>Durante el encuentro con el deportista y su familia, el mandatario provincial acompa\u00f1ado por el vicegobernador Fabi\u00e1n Leguizam\u00f3n, destac\u00f3: \u201cToto Avil\u00e9s, con solo 19 a\u00f1os, es un ejemplo de superaci\u00f3n personal. Si hay algo que qued\u00f3 claro hoy es que cuando uno tiene un sue\u00f1o y trabaja incansablemente para alcanzarlo, es capaz de conseguir cualquier cosa\u201d.<img decoding=\"async\" class=\"alignnone size-large wp-image-12953 lazyload\" data-src=\"https:\/\/ecosdelsur.com\/wp-content\/uploads\/2024\/01\/413041482_915937383224766_4766095330363153944_n-1024x736.jpg\" alt=\"\" width=\"800\" height=\"575\" data-srcset=\"https:\/\/ecosdelsur.com\/wp-content\/uploads\/2024\/01\/413041482_915937383224766_4766095330363153944_n-scaled.jpg 1024w, https:\/\/ecosdelsur.com\/wp-content\/uploads\/2024\/01\/413041482_915937383224766_4766095330363153944_n-300x216.jpg 300w, https:\/\/ecosdelsur.com\/wp-content\/uploads\/2024\/01\/413041482_915937383224766_4766095330363153944_n-768x552.jpg 768w, https:\/\/ecosdelsur.com\/wp-content\/uploads\/2024\/01\/413041482_915937383224766_4766095330363153944_n-1536x1104.jpg 1536w\" data-sizes=\"(max-width: 800px) 100vw, 800px\" src=\"data:image\/svg+xml;base64,PHN2ZyB3aWR0aD0iMSIgaGVpZ2h0PSIxIiB4bWxucz0iaHR0cDovL3d3dy53My5vcmcvMjAwMC9zdmciPjwvc3ZnPg==\" style=\"--smush-placeholder-width: 800px; --smush-placeholder-aspect-ratio: 800\/575;\" \/><\/p>\n<p>En ese contexto, el gobernador Vidal se refiri\u00f3 a la importancia del deporte para el desarrollo y crecimiento de los j\u00f3venes en la provincia. En ese sentido, indic\u00f3 que se puede ver al deporte como una salida. Adem\u00e1s, manifest\u00f3: \u201cEs necesario invertir en infraestructura y as\u00ed evitar tener tantos pibes en la calle. En el camino hacia el fortalecimiento de la provincia, el compromiso con el desarrollo deportivo se revela no solo como un impulso para el talento individual, como en el caso de Avil\u00e9s, sino tambi\u00e9n como un medio para tejer lazos comunitarios s\u00f3lidos y construir un futuro m\u00e1s prometedor para las generaciones venideras\u201d.<\/p>\n","protected":false},"excerpt":{"rendered":"<p>04\/01\/2023-Dando continuidad a las actividades previstas para esta jornada, el gobernador Claudio Vidal recibi\u00f3 a Tom\u00e1s &#8220;Toto&#8221; Avil\u00e9s, quien actualmente<\/p>\n","protected":false},"author":8,"featured_media":12954,"comment_status":"open","ping_status":"closed","sticky":false,"template":"","format":"standard","meta":{"footnotes":""},"categories":[37],"tags":[],"class_list":["post-12950","post","type-post","status-publish","format-standard","has-post-thumbnail","hentry","category-deportes"],"_links":{"self":[{"href":"https:\/\/ecosdelsur.com\/index.php?rest_route=\/wp\/v2\/posts\/12950","targetHints":{"allow":["GET"]}}],"collection":[{"href":"https:\/\/ecosdelsur.com\/index.php?rest_route=\/wp\/v2\/posts"}],"about":[{"href":"https:\/\/ecosdelsur.com\/index.php?rest_route=\/wp\/v2\/types\/post"}],"author":[{"embeddable":true,"href":"https:\/\/ecosdelsur.com\/index.php?rest_route=\/wp\/v2\/users\/8"}],"replies":[{"embeddable":true,"href":"https:\/\/ecosdelsur.com\/index.php?rest_route=%2Fwp%2Fv2%2Fcomments&post=12950"}],"version-history":[{"count":0,"href":"https:\/\/ecosdelsur.com\/index.php?rest_route=\/wp\/v2\/posts\/12950\/revisions"}],"wp:featuredmedia":[{"embeddable":true,"href":"https:\/\/ecosdelsur.com\/index.php?rest_route=\/wp\/v2\/media\/12954"}],"wp:attachment":[{"href":"https:\/\/ecosdelsur.com\/index.php?rest_route=%2Fwp%2Fv2%2Fmedia&parent=12950"}],"wp:term":[{"taxonomy":"category","embeddable":true,"href":"https:\/\/ecosdelsur.com\/index.php?rest_route=%2Fwp%2Fv2%2Fcategories&post=12950"},{"taxonomy":"post_tag","embeddable":true,"href":"https:\/\/ecosdelsur.com\/index.php?rest_route=%2Fwp%2Fv2%2Ftags&post=12950"}],"curies":[{"name":"wp","href":"https:\/\/api.w.org\/{rel}","templated":true}]}}