{"id":12945,"date":"2024-01-04T18:11:57","date_gmt":"2024-01-04T18:11:57","guid":{"rendered":"https:\/\/ecosdelsur.com\/?p=12945"},"modified":"2024-01-04T18:12:19","modified_gmt":"2024-01-04T18:12:19","slug":"comunicado-oficial-corte-de-servicios-de-laboratorios-en-santa-cruz","status":"publish","type":"post","link":"https:\/\/ecosdelsur.com\/?p=12945","title":{"rendered":"Comunicado oficial: Corte de servicios de laboratorios en Santa Cruz"},"content":{"rendered":"<p><span style=\"font-size: 16px;\">04\/01\/2023-El Gobierno de Santa Cruz, a trav\u00e9s de la Caja de Servicios Sociales, informa acerca de la medida tomada de manera unilateral por parte de los laboratorios de la provincia.<img decoding=\"async\" class=\"alignnone size-large wp-image-12946 lazyload\" data-src=\"https:\/\/ecosdelsur.com\/wp-content\/uploads\/2024\/01\/CSS-COMUNICADO_LABORATORIOS-Placa_2-1024x876.jpg\" alt=\"\" width=\"800\" height=\"684\" data-srcset=\"https:\/\/ecosdelsur.com\/wp-content\/uploads\/2024\/01\/CSS-COMUNICADO_LABORATORIOS-Placa_2-scaled.jpg 1024w, https:\/\/ecosdelsur.com\/wp-content\/uploads\/2024\/01\/CSS-COMUNICADO_LABORATORIOS-Placa_2-300x257.jpg 300w, https:\/\/ecosdelsur.com\/wp-content\/uploads\/2024\/01\/CSS-COMUNICADO_LABORATORIOS-Placa_2-768x657.jpg 768w\" data-sizes=\"(max-width: 800px) 100vw, 800px\" src=\"data:image\/svg+xml;base64,PHN2ZyB3aWR0aD0iMSIgaGVpZ2h0PSIxIiB4bWxucz0iaHR0cDovL3d3dy53My5vcmcvMjAwMC9zdmciPjwvc3ZnPg==\" style=\"--smush-placeholder-width: 800px; --smush-placeholder-aspect-ratio: 800\/684;\" \/><\/span><\/p>\n<div class=\"itemFullText\">\n<p>En ese sentido, se\u00f1ala que no se est\u00e1 brindando la prestaci\u00f3n en laboratorios privados ni se reintegrar\u00e1n aquellas abonadas de manera particular.<\/p>\n<p>Los Hospitales P\u00fablicos cuentan con normalidad en el servicio, por lo que desde la obra social santacruce\u00f1a se solicita que quienes lo necesiten se acerquen a los nosocomios para acceder al servicio de salud sin copagos.<\/p>\n<\/div>\n","protected":false},"excerpt":{"rendered":"<p>04\/01\/2023-El Gobierno de Santa Cruz, a trav\u00e9s de la Caja de Servicios Sociales, informa acerca de la medida tomada de<\/p>\n","protected":false},"author":8,"featured_media":12947,"comment_status":"open","ping_status":"closed","sticky":false,"template":"","format":"standard","meta":{"footnotes":""},"categories":[34],"tags":[],"class_list":["post-12945","post","type-post","status-publish","format-standard","has-post-thumbnail","hentry","category-economia"],"_links":{"self":[{"href":"https:\/\/ecosdelsur.com\/index.php?rest_route=\/wp\/v2\/posts\/12945","targetHints":{"allow":["GET"]}}],"collection":[{"href":"https:\/\/ecosdelsur.com\/index.php?rest_route=\/wp\/v2\/posts"}],"about":[{"href":"https:\/\/ecosdelsur.com\/index.php?rest_route=\/wp\/v2\/types\/post"}],"author":[{"embeddable":true,"href":"https:\/\/ecosdelsur.com\/index.php?rest_route=\/wp\/v2\/users\/8"}],"replies":[{"embeddable":true,"href":"https:\/\/ecosdelsur.com\/index.php?rest_route=%2Fwp%2Fv2%2Fcomments&post=12945"}],"version-history":[{"count":0,"href":"https:\/\/ecosdelsur.com\/index.php?rest_route=\/wp\/v2\/posts\/12945\/revisions"}],"wp:featuredmedia":[{"embeddable":true,"href":"https:\/\/ecosdelsur.com\/index.php?rest_route=\/wp\/v2\/media\/12947"}],"wp:attachment":[{"href":"https:\/\/ecosdelsur.com\/index.php?rest_route=%2Fwp%2Fv2%2Fmedia&parent=12945"}],"wp:term":[{"taxonomy":"category","embeddable":true,"href":"https:\/\/ecosdelsur.com\/index.php?rest_route=%2Fwp%2Fv2%2Fcategories&post=12945"},{"taxonomy":"post_tag","embeddable":true,"href":"https:\/\/ecosdelsur.com\/index.php?rest_route=%2Fwp%2Fv2%2Ftags&post=12945"}],"curies":[{"name":"wp","href":"https:\/\/api.w.org\/{rel}","templated":true}]}}