{"id":12943,"date":"2024-01-04T18:06:51","date_gmt":"2024-01-04T18:06:51","guid":{"rendered":"https:\/\/ecosdelsur.com\/?p=12943"},"modified":"2024-01-04T18:06:57","modified_gmt":"2024-01-04T18:06:57","slug":"verano-2024-servicio-de-urbano-se-en-temporada-estival","status":"publish","type":"post","link":"https:\/\/ecosdelsur.com\/?p=12943","title":{"rendered":"Verano 2024: Servicio de Urbano SE en temporada estival"},"content":{"rendered":"<p>04\/01\/2023-Durante el mes de enero, el transporte p\u00fablico de pasajeros modific\u00f3 su frecuencia de recorridos, teniendo en cuenta la temporada estival.<img decoding=\"async\" class=\"alignnone size-large wp-image-12924 lazyload\" data-src=\"https:\/\/ecosdelsur.com\/wp-content\/uploads\/2024\/01\/micro-1-1024x662.jpg\" alt=\"\" width=\"800\" height=\"517\" data-srcset=\"https:\/\/ecosdelsur.com\/wp-content\/uploads\/2024\/01\/micro-1-scaled.jpg 1024w, https:\/\/ecosdelsur.com\/wp-content\/uploads\/2024\/01\/micro-1-300x194.jpg 300w, https:\/\/ecosdelsur.com\/wp-content\/uploads\/2024\/01\/micro-1-768x497.jpg 768w, https:\/\/ecosdelsur.com\/wp-content\/uploads\/2024\/01\/micro-1-1536x993.jpg 1536w, https:\/\/ecosdelsur.com\/wp-content\/uploads\/2024\/01\/micro-1-2048x1324.jpg 2048w\" data-sizes=\"(max-width: 800px) 100vw, 800px\" src=\"data:image\/svg+xml;base64,PHN2ZyB3aWR0aD0iMSIgaGVpZ2h0PSIxIiB4bWxucz0iaHR0cDovL3d3dy53My5vcmcvMjAwMC9zdmciPjwvc3ZnPg==\" style=\"--smush-placeholder-width: 800px; --smush-placeholder-aspect-ratio: 800\/517;\" \/><br \/>\nEn este marco, Paula Gonz\u00e1lez, Presidenta de Urbano Sociedad del Estado, remarc\u00f3 que en este momento es baja la actividad en la ciudad, es por ello que el recorrido se realiza con 3 colectivos de cada l\u00ednea, en la que la frecuencia es de 1 hora.<br \/>\n\u201cEn estas fechas, aprovechamos en realizar el plan de mantenimiento de los colectivos para que est\u00e9n en condiciones lo que resta del a\u00f1o\u201d, expres\u00f3 Gonz\u00e1lez.<\/p>\n<p>Colonias<br \/>\nVale remarcar que el transporte p\u00fablico, ofrece un servicio especial y gratuito para los ni\u00f1os y ni\u00f1as que asistan a las diversas actividades de las Colonias. \u201cLa empresa asegura su lugar como herramienta disponible para facilitar el arribo a las diversidad actividades\u201d, manifest\u00f3 la encargada de Urbano SE.<\/p>\n<p>Puntos de recarga<br \/>\nEn cuanto a la atenci\u00f3n al p\u00fablico, la Presidenta de Urbano, coment\u00f3 que el personal de la Terminal, CIC Centenario y 17 de Octubre, se encuentra de receso, es por ello los puntos de recarga de saldo de la tarjeta es en los comercios.<\/p>\n<p>APP<br \/>\nUrbano SE cuenta con su aplicaci\u00f3n para descargar de la Play Store, totalmente gratuita, a sus tel\u00e9fonos celulares, para saber a qu\u00e9 hora pasa la l\u00ednea que desea utilizar.<\/p>\n","protected":false},"excerpt":{"rendered":"<p>04\/01\/2023-Durante el mes de enero, el transporte p\u00fablico de pasajeros modific\u00f3 su frecuencia de recorridos, teniendo en cuenta la temporada<\/p>\n","protected":false},"author":8,"featured_media":12926,"comment_status":"open","ping_status":"closed","sticky":false,"template":"","format":"standard","meta":{"footnotes":""},"categories":[1],"tags":[],"class_list":["post-12943","post","type-post","status-publish","format-standard","has-post-thumbnail","hentry","category-uncategorized"],"_links":{"self":[{"href":"https:\/\/ecosdelsur.com\/index.php?rest_route=\/wp\/v2\/posts\/12943","targetHints":{"allow":["GET"]}}],"collection":[{"href":"https:\/\/ecosdelsur.com\/index.php?rest_route=\/wp\/v2\/posts"}],"about":[{"href":"https:\/\/ecosdelsur.com\/index.php?rest_route=\/wp\/v2\/types\/post"}],"author":[{"embeddable":true,"href":"https:\/\/ecosdelsur.com\/index.php?rest_route=\/wp\/v2\/users\/8"}],"replies":[{"embeddable":true,"href":"https:\/\/ecosdelsur.com\/index.php?rest_route=%2Fwp%2Fv2%2Fcomments&post=12943"}],"version-history":[{"count":0,"href":"https:\/\/ecosdelsur.com\/index.php?rest_route=\/wp\/v2\/posts\/12943\/revisions"}],"wp:featuredmedia":[{"embeddable":true,"href":"https:\/\/ecosdelsur.com\/index.php?rest_route=\/wp\/v2\/media\/12926"}],"wp:attachment":[{"href":"https:\/\/ecosdelsur.com\/index.php?rest_route=%2Fwp%2Fv2%2Fmedia&parent=12943"}],"wp:term":[{"taxonomy":"category","embeddable":true,"href":"https:\/\/ecosdelsur.com\/index.php?rest_route=%2Fwp%2Fv2%2Fcategories&post=12943"},{"taxonomy":"post_tag","embeddable":true,"href":"https:\/\/ecosdelsur.com\/index.php?rest_route=%2Fwp%2Fv2%2Ftags&post=12943"}],"curies":[{"name":"wp","href":"https:\/\/api.w.org\/{rel}","templated":true}]}}