{"id":1294,"date":"2023-05-12T04:56:02","date_gmt":"2023-05-12T04:56:02","guid":{"rendered":"https:\/\/ecosdelsur.com\/?p=1294"},"modified":"2023-05-12T04:56:06","modified_gmt":"2023-05-12T04:56:06","slug":"se-conocio-el-cronograma-electoral-de-santa-cruz-se-dieron-a-conocer-las-fechas-para-las-elecciones-en-la-provincia","status":"publish","type":"post","link":"https:\/\/ecosdelsur.com\/?p=1294","title":{"rendered":"Se conoci\u00f3 el cronograma electoral de Santa Cruz, se dieron a conocer las fechas para las elecciones en la provincia"},"content":{"rendered":"<p>Tal como estaba previsto para esta semana, el Gobierno Provincial realiz\u00f3 el llamado a elecciones. Sobre el cierre de la fecha l\u00edmite y con 90 d\u00edas de anticipaci\u00f3n, se conoci\u00f3 que las elecciones 2023 desdobladas para los cargos provinciales. Finalmente se conoci\u00f3 el cronograma electoral, similar al del 2019.<\/p>\n<p>Las elecciones para cargos de Gobernador, Vicegobernador, Diputados Provinciales, legisladores por Municipio ser\u00e1n el 13 de agosto. El decreto lleva la firma de la gobernadora Alicia Kirchner y viene a dar el primer paso de cara al panorama pol\u00edtico: dejar en claro las fechas.<\/p>\n","protected":false},"excerpt":{"rendered":"<p>Tal como estaba previsto para esta semana, el Gobierno Provincial realiz\u00f3 el llamado a elecciones. Sobre el cierre de la<\/p>\n","protected":false},"author":8,"featured_media":1295,"comment_status":"open","ping_status":"closed","sticky":false,"template":"","format":"standard","meta":{"footnotes":""},"categories":[1],"tags":[],"class_list":["post-1294","post","type-post","status-publish","format-standard","has-post-thumbnail","hentry","category-uncategorized"],"_links":{"self":[{"href":"https:\/\/ecosdelsur.com\/index.php?rest_route=\/wp\/v2\/posts\/1294","targetHints":{"allow":["GET"]}}],"collection":[{"href":"https:\/\/ecosdelsur.com\/index.php?rest_route=\/wp\/v2\/posts"}],"about":[{"href":"https:\/\/ecosdelsur.com\/index.php?rest_route=\/wp\/v2\/types\/post"}],"author":[{"embeddable":true,"href":"https:\/\/ecosdelsur.com\/index.php?rest_route=\/wp\/v2\/users\/8"}],"replies":[{"embeddable":true,"href":"https:\/\/ecosdelsur.com\/index.php?rest_route=%2Fwp%2Fv2%2Fcomments&post=1294"}],"version-history":[{"count":0,"href":"https:\/\/ecosdelsur.com\/index.php?rest_route=\/wp\/v2\/posts\/1294\/revisions"}],"wp:featuredmedia":[{"embeddable":true,"href":"https:\/\/ecosdelsur.com\/index.php?rest_route=\/wp\/v2\/media\/1295"}],"wp:attachment":[{"href":"https:\/\/ecosdelsur.com\/index.php?rest_route=%2Fwp%2Fv2%2Fmedia&parent=1294"}],"wp:term":[{"taxonomy":"category","embeddable":true,"href":"https:\/\/ecosdelsur.com\/index.php?rest_route=%2Fwp%2Fv2%2Fcategories&post=1294"},{"taxonomy":"post_tag","embeddable":true,"href":"https:\/\/ecosdelsur.com\/index.php?rest_route=%2Fwp%2Fv2%2Ftags&post=1294"}],"curies":[{"name":"wp","href":"https:\/\/api.w.org\/{rel}","templated":true}]}}