{"id":12938,"date":"2024-01-04T18:00:53","date_gmt":"2024-01-04T18:00:53","guid":{"rendered":"https:\/\/ecosdelsur.com\/?p=12938"},"modified":"2024-01-04T18:00:53","modified_gmt":"2024-01-04T18:00:53","slug":"iris-rasgido-son-tiempos-donde-hay-que-tener-mucha-responsabilidad-compromiso-y-trabajar-para-sacar-a-santa-cruz-adelante","status":"publish","type":"post","link":"https:\/\/ecosdelsur.com\/?p=12938","title":{"rendered":"Iris Rasgido: \u201cSon tiempos donde hay que tener mucha responsabilidad, compromiso y trabajar para sacar a Santa Cruz adelante\u201d"},"content":{"rendered":"<p>04\/01\/2023- As\u00ed lo manifest\u00f3 la Diputada de la provincia de Santa Cruz, luego de ser entrevistada esta ma\u00f1ana en la FM Municipal sobre la sesi\u00f3n extraordinaria que se concret\u00f3 el pasado viernes en la C\u00e1mara de Diputados de la ciudad de R\u00edo Gallegos.<img decoding=\"async\" class=\"alignnone size-large wp-image-12939 lazyload\" data-src=\"https:\/\/ecosdelsur.com\/wp-content\/uploads\/2024\/01\/414739142_3723469351268477_8785869132735459817_n-1024x666.jpg\" alt=\"\" width=\"800\" height=\"520\" data-srcset=\"https:\/\/ecosdelsur.com\/wp-content\/uploads\/2024\/01\/414739142_3723469351268477_8785869132735459817_n-scaled.jpg 1024w, https:\/\/ecosdelsur.com\/wp-content\/uploads\/2024\/01\/414739142_3723469351268477_8785869132735459817_n-300x195.jpg 300w, https:\/\/ecosdelsur.com\/wp-content\/uploads\/2024\/01\/414739142_3723469351268477_8785869132735459817_n-768x499.jpg 768w\" data-sizes=\"(max-width: 800px) 100vw, 800px\" src=\"data:image\/svg+xml;base64,PHN2ZyB3aWR0aD0iMSIgaGVpZ2h0PSIxIiB4bWxucz0iaHR0cDovL3d3dy53My5vcmcvMjAwMC9zdmciPjwvc3ZnPg==\" style=\"--smush-placeholder-width: 800px; --smush-placeholder-aspect-ratio: 800\/520;\" \/><\/p>\n<p>En cuanto a los temas que se trataron estos incluyeron tres ejes centrales presentados por el Gobierno provincial, como la Ley Org\u00e1nica de Ministerios y los presupuestos de la Administraci\u00f3n P\u00fablica y de la Legislatura, los cuales fueron aprobados por unanimidad.<\/p>\n<p>En este sentido, Rasgido manifest\u00f3 que la sesi\u00f3n fue una herramienta clave para la gesti\u00f3n del nuevo Gobierno, debido a que el paquete de medidas a nivel nacional, modificar\u00e1 el presupuesto 2024 y era fundamental aprobarlo.<\/p>\n<p>Igualmente, agreg\u00f3 que, esto tiene una gran flexibilidad donde las medidas econ\u00f3micas como la Ley \u00d3mnibus determinar\u00e1n la afectaci\u00f3n en t\u00e9rminos de Provincia en diferentes aspectos.<\/p>\n<p>\u201cEn el marco de la modificaci\u00f3n de la Ley 3.480 que es la org\u00e1nica de los Ministerios, tambi\u00e9n se plante\u00f3 la derogaci\u00f3n de la Ley 3.723, la cual trata sobre la Agencia de Medios y del Instituto Provincial de Energ\u00eda, as\u00ed que tambi\u00e9n avanzamos en todos estos temas de gran relevancia como para dar los primeros pasos en cuestiones de gobierno\u201d, explic\u00f3.<\/p>\n<p>Creaci\u00f3n de Ministerios de Energ\u00eda y Miner\u00eda<\/p>\n<p>Por otro lado, comunic\u00f3 que este nuevo Gobierno tendr\u00e1 10 Ministerios y con respecto al Ministerio de Desarrollo Social, adelant\u00f3 que se incorpora Igualdad, Diversidad e Integraci\u00f3n.<br \/>\n\u201cEstos optimizar\u00e1n la gesti\u00f3n y permitir\u00e1 optimizar la respuesta a los santacruce\u00f1os. Tambi\u00e9n dentro de este marco se aprob\u00f3 la Ley de Ministerios, que integra el encuadre del Instituto de Energ\u00eda y tendr\u00e1 el gran desaf\u00edo de activar y fortalecer todos los recursos de la miner\u00eda y energ\u00eda de Santa Cruz, generando as\u00ed una mayor producci\u00f3n\u201d, se\u00f1al\u00f3.<\/p>\n<p>Situaci\u00f3n de algunas instituciones santacruce\u00f1as<\/p>\n<p>En este aspecto, la Diputada cit\u00f3 algunas de las situaciones de las entidades m\u00e1s importantes de la Provincia e indic\u00f3 que muchas de ellas poseen un d\u00e9ficit muy preocupante.<br \/>\n\u201cLa Caja de Servicio Sociales al mes de diciembre tienen un d\u00e9ficit de $14 mil millones y Servicios P\u00fablicos e IDUV hace 9 a\u00f1os no presentan una memoria y balance. La verdad que la realidad de la Provincia es muy compleja, pero se est\u00e1n trabajando para que las respuestas a las localidades sean genuinas y efectivas; son tiempos donde hay que tener mucha responsabilidad, compromiso y trabajar para sacar a Santa Cruz adelante\u201d, sostuvo.<\/p>\n<p>Coparticipaci\u00f3n<\/p>\n<p>Por \u00faltimo, se refiri\u00f3 a la coparticipaci\u00f3n y mencion\u00f3 que se debe analizar, en profundidad, tanto el paquete de medidas a nivel nacional y provincial.<br \/>\n\u201cTambi\u00e9n se visibilizan los gastos y como la inflaci\u00f3n impacta en todo los que la provincia tiene que afrontar. Por eso debemos contar con una informaci\u00f3n clara de cada uno de los sectores y saber con qu\u00e9 recursos contamos para avanzar con esta l\u00ednea de gobierno.<br \/>\nEstamos en un momento dif\u00edcil y preocupante donde debemos analizar cada art\u00edculo de la Ley \u00d3mnibus, que tiene m\u00e1s de 600 art\u00edculos porque estas afectan directamente a la econom\u00eda de cada familia\u201d, concluy\u00f3 Rasgido.<\/p>\n","protected":false},"excerpt":{"rendered":"<p>04\/01\/2023- As\u00ed lo manifest\u00f3 la Diputada de la provincia de Santa Cruz, luego de ser entrevistada esta ma\u00f1ana en la<\/p>\n","protected":false},"author":8,"featured_media":12940,"comment_status":"open","ping_status":"closed","sticky":false,"template":"","format":"standard","meta":{"footnotes":""},"categories":[33],"tags":[],"class_list":["post-12938","post","type-post","status-publish","format-standard","has-post-thumbnail","hentry","category-politica"],"_links":{"self":[{"href":"https:\/\/ecosdelsur.com\/index.php?rest_route=\/wp\/v2\/posts\/12938","targetHints":{"allow":["GET"]}}],"collection":[{"href":"https:\/\/ecosdelsur.com\/index.php?rest_route=\/wp\/v2\/posts"}],"about":[{"href":"https:\/\/ecosdelsur.com\/index.php?rest_route=\/wp\/v2\/types\/post"}],"author":[{"embeddable":true,"href":"https:\/\/ecosdelsur.com\/index.php?rest_route=\/wp\/v2\/users\/8"}],"replies":[{"embeddable":true,"href":"https:\/\/ecosdelsur.com\/index.php?rest_route=%2Fwp%2Fv2%2Fcomments&post=12938"}],"version-history":[{"count":0,"href":"https:\/\/ecosdelsur.com\/index.php?rest_route=\/wp\/v2\/posts\/12938\/revisions"}],"wp:featuredmedia":[{"embeddable":true,"href":"https:\/\/ecosdelsur.com\/index.php?rest_route=\/wp\/v2\/media\/12940"}],"wp:attachment":[{"href":"https:\/\/ecosdelsur.com\/index.php?rest_route=%2Fwp%2Fv2%2Fmedia&parent=12938"}],"wp:term":[{"taxonomy":"category","embeddable":true,"href":"https:\/\/ecosdelsur.com\/index.php?rest_route=%2Fwp%2Fv2%2Fcategories&post=12938"},{"taxonomy":"post_tag","embeddable":true,"href":"https:\/\/ecosdelsur.com\/index.php?rest_route=%2Fwp%2Fv2%2Ftags&post=12938"}],"curies":[{"name":"wp","href":"https:\/\/api.w.org\/{rel}","templated":true}]}}