{"id":12932,"date":"2024-01-04T17:41:49","date_gmt":"2024-01-04T17:41:49","guid":{"rendered":"https:\/\/ecosdelsur.com\/?p=12932"},"modified":"2024-01-04T17:42:57","modified_gmt":"2024-01-04T17:42:57","slug":"pedro-luxen-vamos-a-ordenar-el-gasto-de-las-comisiones-de-fomento","status":"publish","type":"post","link":"https:\/\/ecosdelsur.com\/?p=12932","title":{"rendered":"Pedro Luxen: &#8220;Vamos a ordenar el gasto de las Comisiones de Fomento&#8221;"},"content":{"rendered":"<p><span style=\"font-size: 16px;\">04\/01\/2023-El Ministro de Gobierno adelant\u00f3 que exigir\u00e1n a las Comisiones de Fomento, un compromiso financiero y fiscal para ordenar el gasto dado que, al d\u00eda de la fecha, el Gobierno Provincial asume casi la totalidad de los compromisos salariales que tienen las mismas.<img decoding=\"async\" class=\"alignnone size-full wp-image-12933 lazyload\" data-src=\"https:\/\/ecosdelsur.com\/wp-content\/uploads\/2024\/01\/pedro.jpg\" alt=\"\" width=\"900\" height=\"559\" data-srcset=\"https:\/\/ecosdelsur.com\/wp-content\/uploads\/2024\/01\/pedro.jpg 900w, https:\/\/ecosdelsur.com\/wp-content\/uploads\/2024\/01\/pedro-300x186.jpg 300w, https:\/\/ecosdelsur.com\/wp-content\/uploads\/2024\/01\/pedro-768x477.jpg 768w\" data-sizes=\"(max-width: 900px) 100vw, 900px\" src=\"data:image\/svg+xml;base64,PHN2ZyB3aWR0aD0iMSIgaGVpZ2h0PSIxIiB4bWxucz0iaHR0cDovL3d3dy53My5vcmcvMjAwMC9zdmciPjwvc3ZnPg==\" style=\"--smush-placeholder-width: 900px; --smush-placeholder-aspect-ratio: 900\/559;\" \/><\/span><\/p>\n<div class=\"itemIntroText\">\n<p>El Gobierno Provincial cit\u00f3 a las cinco Comisiones de Fomento para el pr\u00f3ximo 8 de enero. Deber\u00e1n informar a las autoridades de la administraci\u00f3n sobre todos sus gastos y erogaciones, para cumplir los objetivos fiscales y ordenar las cuentas financieras de las localidades.<\/p>\n<\/div>\n<div class=\"itemFullText\">\n<p>El ministro de Gobierno, Pedro Luxen, asegur\u00f3 que ordenar\u00e1n &#8220;el gasto de las Comisiones de Fomento, porque vemos desequilibrios muy importantes que tornan imposible su sustentabilidad&#8221;.<\/p>\n<p>En el Gobierno observan que hay una toma indiscriminada de personal, algunos de los cuales ni siquiera residen en las localidades.<\/p>\n<p>&#8220;No estamos en contra de las Comisiones de Fomento, solo queremos que sean sostenibles y responsables, queremos conocer las cuentas y ayudar a ordenarlas&#8221;, afirm\u00f3 el funcionario.<\/p>\n<p>El Gobierno pondr\u00e1 la lupa sobre los gastos de personal y pedir\u00e1 informes exhaustivos para comprobar que quienes perciben salarios p\u00fablicos, residan efectivamente en cada localidad.<\/p>\n<p>Luxen advirti\u00f3 que &#8220;no queremos pagarle el sueldo a alguien que no trabaje o, peor a\u00fan, que ni siquiera viva en el pueblo&#8221;.<\/p>\n<p>La idea de la administraci\u00f3n que conduce el gobernador Claudio Vidal, es avanzar en acuerdos y compromisos financieros; y metas de equilibrio fiscal que permitan hacer sustentables a las comunidades que, dada su escasa posibilidad de ingresos propios actuales, dependen casi por completo de los aportes del Estado provincial.<\/p>\n<\/div>\n","protected":false},"excerpt":{"rendered":"<p>04\/01\/2023-El Ministro de Gobierno adelant\u00f3 que exigir\u00e1n a las Comisiones de Fomento, un compromiso financiero y fiscal para ordenar el<\/p>\n","protected":false},"author":8,"featured_media":12933,"comment_status":"open","ping_status":"closed","sticky":false,"template":"","format":"standard","meta":{"footnotes":""},"categories":[33],"tags":[],"class_list":["post-12932","post","type-post","status-publish","format-standard","has-post-thumbnail","hentry","category-politica"],"_links":{"self":[{"href":"https:\/\/ecosdelsur.com\/index.php?rest_route=\/wp\/v2\/posts\/12932","targetHints":{"allow":["GET"]}}],"collection":[{"href":"https:\/\/ecosdelsur.com\/index.php?rest_route=\/wp\/v2\/posts"}],"about":[{"href":"https:\/\/ecosdelsur.com\/index.php?rest_route=\/wp\/v2\/types\/post"}],"author":[{"embeddable":true,"href":"https:\/\/ecosdelsur.com\/index.php?rest_route=\/wp\/v2\/users\/8"}],"replies":[{"embeddable":true,"href":"https:\/\/ecosdelsur.com\/index.php?rest_route=%2Fwp%2Fv2%2Fcomments&post=12932"}],"version-history":[{"count":0,"href":"https:\/\/ecosdelsur.com\/index.php?rest_route=\/wp\/v2\/posts\/12932\/revisions"}],"wp:featuredmedia":[{"embeddable":true,"href":"https:\/\/ecosdelsur.com\/index.php?rest_route=\/wp\/v2\/media\/12933"}],"wp:attachment":[{"href":"https:\/\/ecosdelsur.com\/index.php?rest_route=%2Fwp%2Fv2%2Fmedia&parent=12932"}],"wp:term":[{"taxonomy":"category","embeddable":true,"href":"https:\/\/ecosdelsur.com\/index.php?rest_route=%2Fwp%2Fv2%2Fcategories&post=12932"},{"taxonomy":"post_tag","embeddable":true,"href":"https:\/\/ecosdelsur.com\/index.php?rest_route=%2Fwp%2Fv2%2Ftags&post=12932"}],"curies":[{"name":"wp","href":"https:\/\/api.w.org\/{rel}","templated":true}]}}