{"id":12930,"date":"2024-01-04T17:39:52","date_gmt":"2024-01-04T17:39:52","guid":{"rendered":"https:\/\/ecosdelsur.com\/?p=12930"},"modified":"2024-01-04T19:24:50","modified_gmt":"2024-01-04T19:24:50","slug":"detienen-a-dos-hombres-por-intimidar-con-un-arma-a-un-vecino","status":"publish","type":"post","link":"https:\/\/ecosdelsur.com\/?p=12930","title":{"rendered":"Detienen a dos hombres por intimidar con un arma a un vecino"},"content":{"rendered":"<p>04\/01\/2023-Sucedi\u00f3 en Caleta Olivia. Integrantes de la Divisi\u00f3n Comisar\u00eda Primera tomaron conocimiento por intermedio de miembros de la Divisi\u00f3n Gabinete Criminal\u00edstico local, que en la intersecci\u00f3n de la avenida Lisandro de la Torre y Presidente Per\u00f3n habr\u00edan procedido a la demora de dos hombres, por amenazas con arma de fuego.<\/p>\n<p>Al llegar al lugar, observan a efectivos de esa divisi\u00f3n que ten\u00edan demorados a dos sujetos de 32 y 36 a\u00f1os.<\/p>\n<p>Seg\u00fan la informaci\u00f3n recabada, el funcionario policial expres\u00f3 que momentos en que circulaban con el m\u00f3vil oficial por la Avenida Independencia, fue alertado por personal de Tr\u00e1nsito Municipal, que instantes\u00a0 previos a su arribo, dos hombres de los cuales suministr\u00f3 caracter\u00edsticas de vestimenta, habr\u00edan exhibido un arma de fuego a un transe\u00fante y luego se habr\u00edan retirado del lugar.<\/p>\n<p>Seguidamente, tras realizar un amplio rastrillaje, se logr\u00f3 visualizar y proceder a la demora de los mismos, torn\u00e1ndose el causante de 32 a\u00f1os violento por el proceder policial, profiriendo insultos e intentando agredir a los uniformados. A fin de mantener la integridad f\u00edsica del personal interviniente, se procedi\u00f3 a su reducci\u00f3n mediante el empleo de la fuerza m\u00ednima y necesaria.<\/p>\n<p>Posteriormente, se realiz\u00f3 otro rastrillaje por el sector, sin hallar el arma de fuego, pero s\u00ed un arma blanca que portaba uno de los demorados entre sus prendas.<\/p>\n<p>Conforme a las facultades establecidas, procedieron a la aprehensi\u00f3n, luego realizaron el trasladado al nosocomio local a fin de ser examinado por facultativo m\u00e9dico, para finalmente alojarlos en el lugar de detenci\u00f3n. Paralelo a ello se realizaron pericias en el lugar de los hechos.<\/p>\n<p>Al tomar conocimiento de lo sucedido la secretaria Penal de turno Dra. Monsalvo Anabella, quien con anuencia del Juez, dispuso que el causante, cumplidos los plazos legales, establezca domicilio ante esos estrados y recupere la libertad.<\/p>\n","protected":false},"excerpt":{"rendered":"<p>04\/01\/2023-Sucedi\u00f3 en Caleta Olivia. Integrantes de la Divisi\u00f3n Comisar\u00eda Primera tomaron conocimiento por intermedio de miembros de la Divisi\u00f3n Gabinete<\/p>\n","protected":false},"author":8,"featured_media":12957,"comment_status":"open","ping_status":"closed","sticky":false,"template":"","format":"standard","meta":{"footnotes":""},"categories":[36],"tags":[60,61],"class_list":["post-12930","post","type-post","status-publish","format-standard","has-post-thumbnail","hentry","category-policiales","tag-caleta-olivia","tag-policiales"],"_links":{"self":[{"href":"https:\/\/ecosdelsur.com\/index.php?rest_route=\/wp\/v2\/posts\/12930","targetHints":{"allow":["GET"]}}],"collection":[{"href":"https:\/\/ecosdelsur.com\/index.php?rest_route=\/wp\/v2\/posts"}],"about":[{"href":"https:\/\/ecosdelsur.com\/index.php?rest_route=\/wp\/v2\/types\/post"}],"author":[{"embeddable":true,"href":"https:\/\/ecosdelsur.com\/index.php?rest_route=\/wp\/v2\/users\/8"}],"replies":[{"embeddable":true,"href":"https:\/\/ecosdelsur.com\/index.php?rest_route=%2Fwp%2Fv2%2Fcomments&post=12930"}],"version-history":[{"count":0,"href":"https:\/\/ecosdelsur.com\/index.php?rest_route=\/wp\/v2\/posts\/12930\/revisions"}],"wp:featuredmedia":[{"embeddable":true,"href":"https:\/\/ecosdelsur.com\/index.php?rest_route=\/wp\/v2\/media\/12957"}],"wp:attachment":[{"href":"https:\/\/ecosdelsur.com\/index.php?rest_route=%2Fwp%2Fv2%2Fmedia&parent=12930"}],"wp:term":[{"taxonomy":"category","embeddable":true,"href":"https:\/\/ecosdelsur.com\/index.php?rest_route=%2Fwp%2Fv2%2Fcategories&post=12930"},{"taxonomy":"post_tag","embeddable":true,"href":"https:\/\/ecosdelsur.com\/index.php?rest_route=%2Fwp%2Fv2%2Ftags&post=12930"}],"curies":[{"name":"wp","href":"https:\/\/api.w.org\/{rel}","templated":true}]}}