{"id":1290,"date":"2023-05-12T04:47:13","date_gmt":"2023-05-12T04:47:13","guid":{"rendered":"https:\/\/ecosdelsur.com\/?p=1290"},"modified":"2023-05-12T04:47:26","modified_gmt":"2023-05-12T04:47:26","slug":"programa-mas-cerca-en-accion-relevamiento-sociosanitario-revela-datos-clave-sobre-la-salud-y-vivienda","status":"publish","type":"post","link":"https:\/\/ecosdelsur.com\/?p=1290","title":{"rendered":"Programa M\u00e1s Cerca en acci\u00f3n: Relevamiento sociosanitario revela datos clave sobre la salud y vivienda"},"content":{"rendered":"<p>En el marco del Programa M\u00e1s Cerca, se llev\u00f3 a cabo un relevamiento sociosanitario en los barrios Parque, Mirador, Cesar Campos y alrededores del Municipio de Caleta Olivia. La iniciativa, que cont\u00f3 con la participaci\u00f3n de la secretar\u00eda de desarrollo social y otras \u00e1reas del municipio, tuvo como objetivos renovar la base de datos disponibles y detectar las necesidades y problem\u00e1ticas espec\u00edficas del \u00e1rea para transformarlas en pol\u00edticas p\u00fablicas.<br \/>\nEl secretario de Gobierno de la Comuna, Carlos Aparicio, consider\u00f3 como \u201cmuy positiva la experiencia del relevamiento para obtener un panorama sobre la situaci\u00f3n laboral, econ\u00f3mica y de salud de la poblaci\u00f3n de la zona del Barrio Mirador y alrededores\u201d. Asimismo, dijo que \u201cse busca replicar la experiencia en diferentes zonas, en conjunto con la realizaci\u00f3n del dispositivo M\u00e1s Cerca, donde se comparte el objetivo de continuar en contacto con los vecinos\u201d.<br \/>\nLa secretaria de Desarrollo Social, Elizabeth Pintos, por su parte, inform\u00f3 que el relevamiento fue de car\u00e1cter muestral y se obtuvieron resultados significativos.<br \/>\nDestac\u00f3 el buen nivel de cobertura con el que cuenta la poblaci\u00f3n relevada en el \u00e1rea de la salud, ya que supera el promedio nacional. Asimismo, se identific\u00f3 que un porcentaje importante de la poblaci\u00f3n adulta recibe sus ingresos de la jubilaci\u00f3n y existe una cierta dependencia del sistema previsional.<\/p>\n<p>RESULTADOS<br \/>\nEn cuanto a la vivienda, se observ\u00f3 que el 64% de los encuestados vive en un hogar propio, mientras que el 28% alquila y el restante 8% vive en una vivienda prestada. Tambi\u00e9n se identific\u00f3 un margen para avanzar en la inscripci\u00f3n de nuevos titulares de derecho al Programa \u201cVale Santa Cruz\u201d.<br \/>\nEn relaci\u00f3n a la salud, se destac\u00f3 que el 82% de los encuestados manifest\u00f3 realizarse alg\u00fan tipo de control de salud en el a\u00f1o y el 34% asiste a los Centros Integradores Comunitarios (CIC) o Centros de Atenci\u00f3n Primaria de la Salud (CAPS).<br \/>\nAdem\u00e1s, se detect\u00f3 que en el 60% de los hogares que vive una persona con discapacidad, tienen el Certificado \u00danico de Discapacidad, lo que permitir\u00e1 continuar con el trabajo coordinado para aumentar el n\u00famero de tramitaciones.<br \/>\nTambi\u00e9n se observ\u00f3 que el 13% de los hogares relevados manifiesta convivir o tener una Enfermedad Poco Frecuente (EPOF), por lo que se est\u00e1 contactando a estas personas para hacer un seguimiento y asesoramiento en su situaci\u00f3n.<\/p>\n","protected":false},"excerpt":{"rendered":"<p>En el marco del Programa M\u00e1s Cerca, se llev\u00f3 a cabo un relevamiento sociosanitario en los barrios Parque, Mirador, Cesar<\/p>\n","protected":false},"author":8,"featured_media":1291,"comment_status":"open","ping_status":"closed","sticky":false,"template":"","format":"standard","meta":{"footnotes":""},"categories":[35],"tags":[],"class_list":["post-1290","post","type-post","status-publish","format-standard","has-post-thumbnail","hentry","category-sociedad"],"_links":{"self":[{"href":"https:\/\/ecosdelsur.com\/index.php?rest_route=\/wp\/v2\/posts\/1290","targetHints":{"allow":["GET"]}}],"collection":[{"href":"https:\/\/ecosdelsur.com\/index.php?rest_route=\/wp\/v2\/posts"}],"about":[{"href":"https:\/\/ecosdelsur.com\/index.php?rest_route=\/wp\/v2\/types\/post"}],"author":[{"embeddable":true,"href":"https:\/\/ecosdelsur.com\/index.php?rest_route=\/wp\/v2\/users\/8"}],"replies":[{"embeddable":true,"href":"https:\/\/ecosdelsur.com\/index.php?rest_route=%2Fwp%2Fv2%2Fcomments&post=1290"}],"version-history":[{"count":0,"href":"https:\/\/ecosdelsur.com\/index.php?rest_route=\/wp\/v2\/posts\/1290\/revisions"}],"wp:featuredmedia":[{"embeddable":true,"href":"https:\/\/ecosdelsur.com\/index.php?rest_route=\/wp\/v2\/media\/1291"}],"wp:attachment":[{"href":"https:\/\/ecosdelsur.com\/index.php?rest_route=%2Fwp%2Fv2%2Fmedia&parent=1290"}],"wp:term":[{"taxonomy":"category","embeddable":true,"href":"https:\/\/ecosdelsur.com\/index.php?rest_route=%2Fwp%2Fv2%2Fcategories&post=1290"},{"taxonomy":"post_tag","embeddable":true,"href":"https:\/\/ecosdelsur.com\/index.php?rest_route=%2Fwp%2Fv2%2Ftags&post=1290"}],"curies":[{"name":"wp","href":"https:\/\/api.w.org\/{rel}","templated":true}]}}