{"id":12898,"date":"2024-01-04T05:29:36","date_gmt":"2024-01-04T05:29:36","guid":{"rendered":"https:\/\/ecosdelsur.com\/?p=12898"},"modified":"2024-01-04T05:34:48","modified_gmt":"2024-01-04T05:34:48","slug":"clata-oliviase-inauguraron-las-colonias-de-vacaciones-2024","status":"publish","type":"post","link":"https:\/\/ecosdelsur.com\/?p=12898","title":{"rendered":"Clata Olivia:Se inauguraron las Colonias de vacaciones 2024"},"content":{"rendered":"<p>04\/01\/2023- Cientos de ni\u00f1os y ni\u00f1as de Caleta Olivia iniciaron hoy las actividades deportivas y recreativas programadas hasta el 31 de enero<img decoding=\"async\" class=\"alignnone size-full wp-image-12905 lazyload\" data-src=\"https:\/\/ecosdelsur.com\/wp-content\/uploads\/2024\/01\/DSC_4482.jpg\" alt=\"\" width=\"1024\" height=\"660\" data-srcset=\"https:\/\/ecosdelsur.com\/wp-content\/uploads\/2024\/01\/DSC_4482.jpg 1024w, https:\/\/ecosdelsur.com\/wp-content\/uploads\/2024\/01\/DSC_4482-300x193.jpg 300w, https:\/\/ecosdelsur.com\/wp-content\/uploads\/2024\/01\/DSC_4482-768x495.jpg 768w\" data-sizes=\"(max-width: 1024px) 100vw, 1024px\" src=\"data:image\/svg+xml;base64,PHN2ZyB3aWR0aD0iMSIgaGVpZ2h0PSIxIiB4bWxucz0iaHR0cDovL3d3dy53My5vcmcvMjAwMC9zdmciPjwvc3ZnPg==\" style=\"--smush-placeholder-width: 1024px; --smush-placeholder-aspect-ratio: 1024\/660;\" \/><\/p>\n<p>La Municipalidad de Caleta Olivia, a trav\u00e9s de la secretar\u00eda de Cultura y Deporte, recibi\u00f3 a los colonos 2024 en esta primera jornada, en la que se presentaron los profesores a cargo de los grupos, se brind\u00f3 una charla informativa a los padres y se les dio la bienvenida a los peque\u00f1os y peque\u00f1as.<img decoding=\"async\" class=\"alignnone size-full wp-image-12903 lazyload\" data-src=\"https:\/\/ecosdelsur.com\/wp-content\/uploads\/2024\/01\/DSC_4440.jpg\" alt=\"\" width=\"1024\" height=\"576\" data-srcset=\"https:\/\/ecosdelsur.com\/wp-content\/uploads\/2024\/01\/DSC_4440.jpg 1024w, https:\/\/ecosdelsur.com\/wp-content\/uploads\/2024\/01\/DSC_4440-300x169.jpg 300w, https:\/\/ecosdelsur.com\/wp-content\/uploads\/2024\/01\/DSC_4440-768x432.jpg 768w\" data-sizes=\"(max-width: 1024px) 100vw, 1024px\" src=\"data:image\/svg+xml;base64,PHN2ZyB3aWR0aD0iMSIgaGVpZ2h0PSIxIiB4bWxucz0iaHR0cDovL3d3dy53My5vcmcvMjAwMC9zdmciPjwvc3ZnPg==\" style=\"--smush-placeholder-width: 1024px; --smush-placeholder-aspect-ratio: 1024\/576;\" \/><\/p>\n<p>Los espacios destinados a los peque\u00f1os desde los 4 hasta los 9 a\u00f1os son, el Gimnasio \u201cIng. Knudsen\u201d, el gimnasio \u201cPancho\u201d Cerda y el Mirta Rearte, mientras que en el centro deportivo \u201cChichino\u201d Iba\u00f1ez,congrega a los chicos de 10 a 12 a\u00f1os con la denominada Escuela de verano.<img decoding=\"async\" class=\"alignnone size-full wp-image-12901 lazyload\" data-src=\"https:\/\/ecosdelsur.com\/wp-content\/uploads\/2024\/01\/DSC_4425.jpg\" alt=\"\" width=\"1024\" height=\"603\" data-srcset=\"https:\/\/ecosdelsur.com\/wp-content\/uploads\/2024\/01\/DSC_4425.jpg 1024w, https:\/\/ecosdelsur.com\/wp-content\/uploads\/2024\/01\/DSC_4425-300x177.jpg 300w, https:\/\/ecosdelsur.com\/wp-content\/uploads\/2024\/01\/DSC_4425-768x452.jpg 768w\" data-sizes=\"(max-width: 1024px) 100vw, 1024px\" src=\"data:image\/svg+xml;base64,PHN2ZyB3aWR0aD0iMSIgaGVpZ2h0PSIxIiB4bWxucz0iaHR0cDovL3d3dy53My5vcmcvMjAwMC9zdmciPjwvc3ZnPg==\" style=\"--smush-placeholder-width: 1024px; --smush-placeholder-aspect-ratio: 1024\/603;\" \/><\/p>\n<p>El secretario de Cultura y Deporte, David Jones, expres\u00f3 que \u201clos ni\u00f1os llegaron muy felices, con mucho entusiasmo. Tuvimos mucha demanda, hay muchos chicos que quedaron en lista de espera, por ello trataremos de hacer todo lo posible por darles alguna alternativa\u201d. <img decoding=\"async\" class=\"alignnone size-full wp-image-12899 lazyload\" data-src=\"https:\/\/ecosdelsur.com\/wp-content\/uploads\/2024\/01\/DSC_4412.jpg\" alt=\"\" width=\"1024\" height=\"654\" data-srcset=\"https:\/\/ecosdelsur.com\/wp-content\/uploads\/2024\/01\/DSC_4412.jpg 1024w, https:\/\/ecosdelsur.com\/wp-content\/uploads\/2024\/01\/DSC_4412-300x192.jpg 300w, https:\/\/ecosdelsur.com\/wp-content\/uploads\/2024\/01\/DSC_4412-768x491.jpg 768w\" data-sizes=\"(max-width: 1024px) 100vw, 1024px\" src=\"data:image\/svg+xml;base64,PHN2ZyB3aWR0aD0iMSIgaGVpZ2h0PSIxIiB4bWxucz0iaHR0cDovL3d3dy53My5vcmcvMjAwMC9zdmciPjwvc3ZnPg==\" style=\"--smush-placeholder-width: 1024px; --smush-placeholder-aspect-ratio: 1024\/654;\" \/>En este sentido Jones explic\u00f3 que la intenci\u00f3n es programar otra en febrero, pero \u201ces complicado porque debemos tener en cuenta el per\u00edodo de descanso de los profesores y las vacaciones del resto del personal\u201d.<\/p>\n<p>Ferias americanas<\/p>\n<p>Por otro lado, el secretario de Cultura y Deporte David Jones, se refiri\u00f3 a la reuni\u00f3n informativa que se realizar\u00e1 el jueves 4 de enero a las 18 horas en el Sal\u00f3n de Usos M\u00faltiples del Centro Cultural con artesanos y organizadores de ferias americanas, para delinear una agenda de trabajo y fechas fijas para esas actividades.<br \/>\nEsta convocatoria, surge a ra\u00edz de la demanda que hay de nuevos espacios para artesanos y feriantes, adem\u00e1s de la intenci\u00f3n del municipio de potenciar y apoyar a los emprendedores de Caleta Olivia, fomentando el compre local.<\/p>\n<p>Desde la gesti\u00f3n se aclar\u00f3, que el gimnasio Gral. Enrique Mosconi, que se ven\u00eda alquilando para las ferias, se recuperar\u00e1 s\u00f3lo para las actividades deportivas.<\/p>\n","protected":false},"excerpt":{"rendered":"<p>04\/01\/2023- Cientos de ni\u00f1os y ni\u00f1as de Caleta Olivia iniciaron hoy las actividades deportivas y recreativas programadas hasta el 31<\/p>\n","protected":false},"author":8,"featured_media":12902,"comment_status":"open","ping_status":"closed","sticky":false,"template":"","format":"standard","meta":{"footnotes":""},"categories":[37],"tags":[],"class_list":["post-12898","post","type-post","status-publish","format-standard","has-post-thumbnail","hentry","category-deportes"],"_links":{"self":[{"href":"https:\/\/ecosdelsur.com\/index.php?rest_route=\/wp\/v2\/posts\/12898","targetHints":{"allow":["GET"]}}],"collection":[{"href":"https:\/\/ecosdelsur.com\/index.php?rest_route=\/wp\/v2\/posts"}],"about":[{"href":"https:\/\/ecosdelsur.com\/index.php?rest_route=\/wp\/v2\/types\/post"}],"author":[{"embeddable":true,"href":"https:\/\/ecosdelsur.com\/index.php?rest_route=\/wp\/v2\/users\/8"}],"replies":[{"embeddable":true,"href":"https:\/\/ecosdelsur.com\/index.php?rest_route=%2Fwp%2Fv2%2Fcomments&post=12898"}],"version-history":[{"count":0,"href":"https:\/\/ecosdelsur.com\/index.php?rest_route=\/wp\/v2\/posts\/12898\/revisions"}],"wp:featuredmedia":[{"embeddable":true,"href":"https:\/\/ecosdelsur.com\/index.php?rest_route=\/wp\/v2\/media\/12902"}],"wp:attachment":[{"href":"https:\/\/ecosdelsur.com\/index.php?rest_route=%2Fwp%2Fv2%2Fmedia&parent=12898"}],"wp:term":[{"taxonomy":"category","embeddable":true,"href":"https:\/\/ecosdelsur.com\/index.php?rest_route=%2Fwp%2Fv2%2Fcategories&post=12898"},{"taxonomy":"post_tag","embeddable":true,"href":"https:\/\/ecosdelsur.com\/index.php?rest_route=%2Fwp%2Fv2%2Ftags&post=12898"}],"curies":[{"name":"wp","href":"https:\/\/api.w.org\/{rel}","templated":true}]}}