{"id":12893,"date":"2024-01-04T05:15:52","date_gmt":"2024-01-04T05:15:52","guid":{"rendered":"https:\/\/ecosdelsur.com\/?p=12893"},"modified":"2024-01-04T05:15:52","modified_gmt":"2024-01-04T05:15:52","slug":"rafael-guenchenen-visito-pico-truncado-con-el-objetivo-de-organizar-agendas-de-trabajo","status":"publish","type":"post","link":"https:\/\/ecosdelsur.com\/?p=12893","title":{"rendered":"Rafael G\u00fcenchenen visit\u00f3 Pico Truncado con el objetivo de organizar agendas de trabajo"},"content":{"rendered":"<div class=\"xdj266r x11i5rnm xat24cr x1mh8g0r x1vvkbs x126k92a\">\n<div dir=\"auto\">03\/01\/2023- Rafael G\u00fcenchenen, secretario general de SIPGER, visit\u00f3 Pico Truncado para diagramar la agenda de las pr\u00f3ximas semanas y actualizar sobre el avance en las diversas obras. Con \u00e9l estuvieron Nallid Rivera, secretario adjunto, Marcelo Ruz, referente local, Exequiel Garcia, referente de Caleta Olivia y Diego Nieto, tesorero.<img decoding=\"async\" class=\"alignnone size-full wp-image-12894 lazyload\" data-src=\"https:\/\/ecosdelsur.com\/wp-content\/uploads\/2024\/01\/416159598_752453386916063_2407117618077373797_n.jpg\" alt=\"\" width=\"800\" height=\"456\" data-srcset=\"https:\/\/ecosdelsur.com\/wp-content\/uploads\/2024\/01\/416159598_752453386916063_2407117618077373797_n.jpg 800w, https:\/\/ecosdelsur.com\/wp-content\/uploads\/2024\/01\/416159598_752453386916063_2407117618077373797_n-300x171.jpg 300w, https:\/\/ecosdelsur.com\/wp-content\/uploads\/2024\/01\/416159598_752453386916063_2407117618077373797_n-768x438.jpg 768w\" data-sizes=\"(max-width: 800px) 100vw, 800px\" src=\"data:image\/svg+xml;base64,PHN2ZyB3aWR0aD0iMSIgaGVpZ2h0PSIxIiB4bWxucz0iaHR0cDovL3d3dy53My5vcmcvMjAwMC9zdmciPjwvc3ZnPg==\" style=\"--smush-placeholder-width: 800px; --smush-placeholder-aspect-ratio: 800\/456;\" \/><\/div>\n<\/div>\n<div class=\"x11i5rnm xat24cr x1mh8g0r x1vvkbs xtlvy1s x126k92a\">\n<div dir=\"auto\">En horas del mediod\u00eda en la sede sindical de Pico Truncado, se trataron temas tales como las actividades m\u00e1s pr\u00f3ximas y se trazaron objetivos anuales. Asimismo, se convers\u00f3 sobre el estado de diversas edificaciones que se est\u00e1n llevando adelante.<img decoding=\"async\" class=\"alignnone size-full wp-image-12895 lazyload\" data-src=\"https:\/\/ecosdelsur.com\/wp-content\/uploads\/2024\/01\/416986722_752452980249437_2657726768633617459_n.jpg\" alt=\"\" width=\"800\" height=\"465\" data-srcset=\"https:\/\/ecosdelsur.com\/wp-content\/uploads\/2024\/01\/416986722_752452980249437_2657726768633617459_n.jpg 800w, https:\/\/ecosdelsur.com\/wp-content\/uploads\/2024\/01\/416986722_752452980249437_2657726768633617459_n-300x174.jpg 300w, https:\/\/ecosdelsur.com\/wp-content\/uploads\/2024\/01\/416986722_752452980249437_2657726768633617459_n-768x446.jpg 768w\" data-sizes=\"(max-width: 800px) 100vw, 800px\" src=\"data:image\/svg+xml;base64,PHN2ZyB3aWR0aD0iMSIgaGVpZ2h0PSIxIiB4bWxucz0iaHR0cDovL3d3dy53My5vcmcvMjAwMC9zdmciPjwvc3ZnPg==\" style=\"--smush-placeholder-width: 800px; --smush-placeholder-aspect-ratio: 800\/465;\" \/><\/div>\n<\/div>\n<div class=\"x11i5rnm xat24cr x1mh8g0r x1vvkbs xtlvy1s x126k92a\">\n<div dir=\"auto\">A d\u00edas nada m\u00e1s de haber celebrado la ampliaci\u00f3n del polideportivo &#8220;Patricio Eladio Azocar&#8221; en Truncado, uno de los temas fue el inicio de la obra en Caleta Olivia que dar\u00e1 lugar a un Polideportivo de vanguardia, que ocupar\u00e1 no menos de diez hect\u00e1reas y representa un hito hist\u00f3rico por la inversi\u00f3n en infraestructura deportiva y social.<\/div>\n<\/div>\n<div class=\"x11i5rnm xat24cr x1mh8g0r x1vvkbs xtlvy1s x126k92a\">\n<div dir=\"auto\">Posteriormente, se habl\u00f3 sobre la sede del Sindicato en la localidad de Las Heras, obra comenzada el a\u00f1o pasado que ya cuenta con grandes avances.<\/div>\n<\/div>\n<div class=\"x11i5rnm xat24cr x1mh8g0r x1vvkbs xtlvy1s x126k92a\">\n<div dir=\"auto\">Finalmente, se concluy\u00f3 con La Escuela del Viento en R\u00edo Gallegos. Establecimiento educativo que se encuentra en su tramo final y se inaugurar\u00e1 este a\u00f1o.<\/div>\n<\/div>\n","protected":false},"excerpt":{"rendered":"<p>03\/01\/2023- Rafael G\u00fcenchenen, secretario general de SIPGER, visit\u00f3 Pico Truncado para diagramar la agenda de las pr\u00f3ximas semanas y actualizar<\/p>\n","protected":false},"author":8,"featured_media":12896,"comment_status":"open","ping_status":"closed","sticky":false,"template":"","format":"standard","meta":{"footnotes":""},"categories":[39],"tags":[],"class_list":["post-12893","post","type-post","status-publish","format-standard","has-post-thumbnail","hentry","category-tecnologia"],"_links":{"self":[{"href":"https:\/\/ecosdelsur.com\/index.php?rest_route=\/wp\/v2\/posts\/12893","targetHints":{"allow":["GET"]}}],"collection":[{"href":"https:\/\/ecosdelsur.com\/index.php?rest_route=\/wp\/v2\/posts"}],"about":[{"href":"https:\/\/ecosdelsur.com\/index.php?rest_route=\/wp\/v2\/types\/post"}],"author":[{"embeddable":true,"href":"https:\/\/ecosdelsur.com\/index.php?rest_route=\/wp\/v2\/users\/8"}],"replies":[{"embeddable":true,"href":"https:\/\/ecosdelsur.com\/index.php?rest_route=%2Fwp%2Fv2%2Fcomments&post=12893"}],"version-history":[{"count":0,"href":"https:\/\/ecosdelsur.com\/index.php?rest_route=\/wp\/v2\/posts\/12893\/revisions"}],"wp:featuredmedia":[{"embeddable":true,"href":"https:\/\/ecosdelsur.com\/index.php?rest_route=\/wp\/v2\/media\/12896"}],"wp:attachment":[{"href":"https:\/\/ecosdelsur.com\/index.php?rest_route=%2Fwp%2Fv2%2Fmedia&parent=12893"}],"wp:term":[{"taxonomy":"category","embeddable":true,"href":"https:\/\/ecosdelsur.com\/index.php?rest_route=%2Fwp%2Fv2%2Fcategories&post=12893"},{"taxonomy":"post_tag","embeddable":true,"href":"https:\/\/ecosdelsur.com\/index.php?rest_route=%2Fwp%2Fv2%2Ftags&post=12893"}],"curies":[{"name":"wp","href":"https:\/\/api.w.org\/{rel}","templated":true}]}}