{"id":12890,"date":"2024-01-04T04:39:53","date_gmt":"2024-01-04T04:39:53","guid":{"rendered":"https:\/\/ecosdelsur.com\/?p=12890"},"modified":"2024-01-04T04:50:45","modified_gmt":"2024-01-04T04:50:45","slug":"extractiva-aoma-acordo-un-aumento-del-salario-basico-2","status":"publish","type":"post","link":"https:\/\/ecosdelsur.com\/?p=12890","title":{"rendered":"Extractiva: AOMA acord\u00f3 un aumento del salario b\u00e1sico"},"content":{"rendered":"<p>03\/01\/2023-Fue tras reuniones entre el Secretario General, H\u00e9ctor Laplace, y la C\u00e1mara Argentina de Empresarios Mineros (CAEM), representada por Alejandra Cardona.<img decoding=\"async\" class=\"size-full wp-image-12891 aligncenter lazyload\" data-src=\"https:\/\/ecosdelsur.com\/wp-content\/uploads\/2024\/01\/WhatsApp-Image-2024-01-02-at-10.57.17.jpeg\" alt=\"\" width=\"624\" height=\"383\" data-srcset=\"https:\/\/ecosdelsur.com\/wp-content\/uploads\/2024\/01\/WhatsApp-Image-2024-01-02-at-10.57.17.jpeg 624w, https:\/\/ecosdelsur.com\/wp-content\/uploads\/2024\/01\/WhatsApp-Image-2024-01-02-at-10.57.17-300x184.jpeg 300w\" data-sizes=\"(max-width: 624px) 100vw, 624px\" src=\"data:image\/svg+xml;base64,PHN2ZyB3aWR0aD0iMSIgaGVpZ2h0PSIxIiB4bWxucz0iaHR0cDovL3d3dy53My5vcmcvMjAwMC9zdmciPjwvc3ZnPg==\" style=\"--smush-placeholder-width: 624px; --smush-placeholder-aspect-ratio: 624\/383;\" \/><\/p>\n<p>Tras varias reuniones, la Asociaci\u00f3n Obrera Minera Argentina (AOMA) acord\u00f3 un aumento del salario b\u00e1sico para los trabajadores de la rama extractiva.<\/p>\n<p>Las negociaciones estuvieron a cargo del Secretario General, H\u00e9ctor Laplace, y la C\u00e1mara Argentina de Empresarios Mineros (CAEM).<\/p>\n<p>De esta manera, las partes llegaron al acuerdo de modificar los salarios b\u00e1sicos del convenio calculados sobre los salarios vigentes al 30 de noviembre de 2023.<\/p>\n<p>As\u00ed, los trabajadores y trabajadoras percibir\u00e1n un aumento del 26% sobre los sueldos del mes de diciembre.<\/p>\n<p>La Asociaci\u00f3n Obrera Minera Argentina (AOMA) continuar\u00e1 trabajando a favor del pueblo minero, para poder aportar a mantener la calidad de vida ante la inflaci\u00f3n y devaluaci\u00f3n de los sueldos actuales.<\/p>\n","protected":false},"excerpt":{"rendered":"<p>03\/01\/2023-Fue tras reuniones entre el Secretario General, H\u00e9ctor Laplace, y la C\u00e1mara Argentina de Empresarios Mineros (CAEM), representada por Alejandra<\/p>\n","protected":false},"author":8,"featured_media":12891,"comment_status":"open","ping_status":"closed","sticky":false,"template":"","format":"standard","meta":{"footnotes":""},"categories":[87],"tags":[],"class_list":["post-12890","post","type-post","status-publish","format-standard","has-post-thumbnail","hentry","category-provinciales"],"_links":{"self":[{"href":"https:\/\/ecosdelsur.com\/index.php?rest_route=\/wp\/v2\/posts\/12890","targetHints":{"allow":["GET"]}}],"collection":[{"href":"https:\/\/ecosdelsur.com\/index.php?rest_route=\/wp\/v2\/posts"}],"about":[{"href":"https:\/\/ecosdelsur.com\/index.php?rest_route=\/wp\/v2\/types\/post"}],"author":[{"embeddable":true,"href":"https:\/\/ecosdelsur.com\/index.php?rest_route=\/wp\/v2\/users\/8"}],"replies":[{"embeddable":true,"href":"https:\/\/ecosdelsur.com\/index.php?rest_route=%2Fwp%2Fv2%2Fcomments&post=12890"}],"version-history":[{"count":0,"href":"https:\/\/ecosdelsur.com\/index.php?rest_route=\/wp\/v2\/posts\/12890\/revisions"}],"wp:featuredmedia":[{"embeddable":true,"href":"https:\/\/ecosdelsur.com\/index.php?rest_route=\/wp\/v2\/media\/12891"}],"wp:attachment":[{"href":"https:\/\/ecosdelsur.com\/index.php?rest_route=%2Fwp%2Fv2%2Fmedia&parent=12890"}],"wp:term":[{"taxonomy":"category","embeddable":true,"href":"https:\/\/ecosdelsur.com\/index.php?rest_route=%2Fwp%2Fv2%2Fcategories&post=12890"},{"taxonomy":"post_tag","embeddable":true,"href":"https:\/\/ecosdelsur.com\/index.php?rest_route=%2Fwp%2Fv2%2Ftags&post=12890"}],"curies":[{"name":"wp","href":"https:\/\/api.w.org\/{rel}","templated":true}]}}