{"id":12885,"date":"2024-01-04T00:41:08","date_gmt":"2024-01-04T00:41:08","guid":{"rendered":"https:\/\/ecosdelsur.com\/?p=12885"},"modified":"2024-01-04T04:34:40","modified_gmt":"2024-01-04T04:34:40","slug":"paola-ramos-me-preocupa-que-se-cambie-la-ley-micaela","status":"publish","type":"post","link":"https:\/\/ecosdelsur.com\/?p=12885","title":{"rendered":"Paola Ramos: \u201cMe preocupa que se cambie la Ley Micaela\u201d"},"content":{"rendered":"<p>03\/01\/2023- La secretaria de pol\u00edticas integrales para la igualdad Paola Ramos, dio su visi\u00f3n sobre el DNU presidencial que busca modificar la ley.<img decoding=\"async\" class=\"alignnone size-full wp-image-12886 lazyload\" data-src=\"https:\/\/ecosdelsur.com\/wp-content\/uploads\/2024\/01\/415250845_776892784482853_8402629219358019633_n.jpg\" alt=\"\" width=\"800\" height=\"554\" data-srcset=\"https:\/\/ecosdelsur.com\/wp-content\/uploads\/2024\/01\/415250845_776892784482853_8402629219358019633_n.jpg 800w, https:\/\/ecosdelsur.com\/wp-content\/uploads\/2024\/01\/415250845_776892784482853_8402629219358019633_n-300x208.jpg 300w, https:\/\/ecosdelsur.com\/wp-content\/uploads\/2024\/01\/415250845_776892784482853_8402629219358019633_n-768x532.jpg 768w, https:\/\/ecosdelsur.com\/wp-content\/uploads\/2024\/01\/415250845_776892784482853_8402629219358019633_n-392x272.jpg 392w, https:\/\/ecosdelsur.com\/wp-content\/uploads\/2024\/01\/415250845_776892784482853_8402629219358019633_n-130x90.jpg 130w\" data-sizes=\"(max-width: 800px) 100vw, 800px\" src=\"data:image\/svg+xml;base64,PHN2ZyB3aWR0aD0iMSIgaGVpZ2h0PSIxIiB4bWxucz0iaHR0cDovL3d3dy53My5vcmcvMjAwMC9zdmciPjwvc3ZnPg==\" style=\"--smush-placeholder-width: 800px; --smush-placeholder-aspect-ratio: 800\/554;\" \/><\/p>\n<p>Fuertes repercusiones ocasiona la intenci\u00f3n del presidente Javier Milei de modificaci\u00f3n de la ley Micaela.<br \/>\nDesde la Fundaci\u00f3n Micaela Garc\u00eda, emitieron un comunicado para cuestionar el texto que el gobierno nacional envi\u00f3 al Parlamento. El mismo contempla la modificaci\u00f3n de la ley que establece la obligatoriedad de la capacitaci\u00f3n en perspectiva de g\u00e9nero para todos los funcionarios p\u00fablicos.<br \/>\nAl respecto, en entrevista realizada en el programa radial A Contrarreloj de FM Municipal, Ramos manifest\u00f3: \u201cMe preocupa que se cambie porque se quiere poner el foco en la violencia intrafamiliar y correr la de g\u00e9nero. Necesitamos que los tres poderes del Estado se capaciten en perspectiva de g\u00e9nero para evitar muertes\u201d.<br \/>\n\u201cEntendemos que para transformar las realidades socioculturales debemos pararnos en la educaci\u00f3n y en el territorio. Entiendo que son l\u00f3gicas que se van a trabajar desde Provincia\u201d, enfatiz\u00f3.<\/p>\n<p>Micaela fue una joven que fue violada y asesinada por un hombre que deber\u00eda haber estado preso. \u201cSi el asesino no hubiese estado en libertad, su muerte se habr\u00eda evitado\u201d, agreg\u00f3. Sus padres y otros familiares de v\u00edctimas de femicidios propulsaron esta legislaci\u00f3n que hoy se deroga por las pol\u00edticas que impone el presidente de la Naci\u00f3n.<\/p>\n<p>Paola Ramos tambi\u00e9n inform\u00f3 sobre el funcionamiento de la nueva Secretar\u00eda a su cargo. \u201cPensamos en una secretar\u00eda que habla de pol\u00edticas integrales y transversales a la edad y al g\u00e9nero, hablamos de educaci\u00f3n\u201d.<br \/>\nLa Secretar\u00eda incluye a la Subsecretar\u00eda de Juventudes (que antes depend\u00eda de Cultura) y se le suman la Subsecretar\u00eda de Transversalidad Cultural (que incluye al Centro Integral de la Mujer y la Familia) y la Subsecretar\u00eda de Coordinaci\u00f3n de Pol\u00edticas Institucionales con trabajadoras sociales, psic\u00f3logas y psic\u00f3logos que abordar\u00e1n entre otros temas, las nuevas masculinidades.<\/p>\n<p>La finalidad es el trabajo en territorio, \u201cque las pol\u00edticas p\u00fablicas lleguen a cada una de las personas de cada barrio de la localidad\u201d. Se realizar\u00e1n talleres barriales de formaci\u00f3n y de redes de mujeres como espacio de encuentro con un equipo t\u00e9cnico acompa\u00f1ante. En este contexto, Ramos anunci\u00f3 que a partir del 15 de enero se realizar\u00e1n colonias barriales.<\/p>\n","protected":false},"excerpt":{"rendered":"<p>03\/01\/2023- La secretaria de pol\u00edticas integrales para la igualdad Paola Ramos, dio su visi\u00f3n sobre el DNU presidencial que busca<\/p>\n","protected":false},"author":8,"featured_media":12887,"comment_status":"open","ping_status":"closed","sticky":false,"template":"","format":"standard","meta":{"footnotes":""},"categories":[34,117],"tags":[],"class_list":["post-12885","post","type-post","status-publish","format-standard","has-post-thumbnail","hentry","category-economia","category-salud"],"_links":{"self":[{"href":"https:\/\/ecosdelsur.com\/index.php?rest_route=\/wp\/v2\/posts\/12885","targetHints":{"allow":["GET"]}}],"collection":[{"href":"https:\/\/ecosdelsur.com\/index.php?rest_route=\/wp\/v2\/posts"}],"about":[{"href":"https:\/\/ecosdelsur.com\/index.php?rest_route=\/wp\/v2\/types\/post"}],"author":[{"embeddable":true,"href":"https:\/\/ecosdelsur.com\/index.php?rest_route=\/wp\/v2\/users\/8"}],"replies":[{"embeddable":true,"href":"https:\/\/ecosdelsur.com\/index.php?rest_route=%2Fwp%2Fv2%2Fcomments&post=12885"}],"version-history":[{"count":0,"href":"https:\/\/ecosdelsur.com\/index.php?rest_route=\/wp\/v2\/posts\/12885\/revisions"}],"wp:featuredmedia":[{"embeddable":true,"href":"https:\/\/ecosdelsur.com\/index.php?rest_route=\/wp\/v2\/media\/12887"}],"wp:attachment":[{"href":"https:\/\/ecosdelsur.com\/index.php?rest_route=%2Fwp%2Fv2%2Fmedia&parent=12885"}],"wp:term":[{"taxonomy":"category","embeddable":true,"href":"https:\/\/ecosdelsur.com\/index.php?rest_route=%2Fwp%2Fv2%2Fcategories&post=12885"},{"taxonomy":"post_tag","embeddable":true,"href":"https:\/\/ecosdelsur.com\/index.php?rest_route=%2Fwp%2Fv2%2Ftags&post=12885"}],"curies":[{"name":"wp","href":"https:\/\/api.w.org\/{rel}","templated":true}]}}