{"id":12873,"date":"2024-01-03T21:40:36","date_gmt":"2024-01-03T21:40:36","guid":{"rendered":"https:\/\/ecosdelsur.com\/?p=12873"},"modified":"2024-01-03T21:46:08","modified_gmt":"2024-01-03T21:46:08","slug":"notable-disminucion-de-accidentes-graves-durante-este-periodo-festivo","status":"publish","type":"post","link":"https:\/\/ecosdelsur.com\/?p=12873","title":{"rendered":"Notable disminuci\u00f3n de accidentes graves durante este per\u00edodo festivo"},"content":{"rendered":"<p>03\/01\/2023- La directora del Hospital Zonal de Caleta Olivia, Dra. Karina Martin, hizo referencia a las intervenciones del nosocomio tras el fin de semana largo y tambi\u00e9n brind\u00f3 recomendaciones a la comunidad a fin de evitar inconvenientes por exposici\u00f3n en d\u00edas de altas temperaturas.<img decoding=\"async\" class=\"alignnone size-large wp-image-12875 lazyload\" data-src=\"https:\/\/ecosdelsur.com\/wp-content\/uploads\/2024\/01\/WhatsApp-Image-2024-01-03-at-15.04.42-1024x611.jpeg\" alt=\"\" width=\"800\" height=\"477\" data-srcset=\"https:\/\/ecosdelsur.com\/wp-content\/uploads\/2024\/01\/WhatsApp-Image-2024-01-03-at-15.04.42-scaled.jpeg 1024w, https:\/\/ecosdelsur.com\/wp-content\/uploads\/2024\/01\/WhatsApp-Image-2024-01-03-at-15.04.42-300x179.jpeg 300w, https:\/\/ecosdelsur.com\/wp-content\/uploads\/2024\/01\/WhatsApp-Image-2024-01-03-at-15.04.42-768x458.jpeg 768w\" data-sizes=\"(max-width: 800px) 100vw, 800px\" src=\"data:image\/svg+xml;base64,PHN2ZyB3aWR0aD0iMSIgaGVpZ2h0PSIxIiB4bWxucz0iaHR0cDovL3d3dy53My5vcmcvMjAwMC9zdmciPjwvc3ZnPg==\" style=\"--smush-placeholder-width: 800px; --smush-placeholder-aspect-ratio: 800\/477;\" \/><\/p>\n<p>En una entrevista brindada al programa \u201cLocalizados\u201d que se emite por FM Municipal, y como dato positivo, la Dra. Martin se\u00f1al\u00f3 que la cantidad de consultas atendidas fue menor a la de a\u00f1os anteriores y acot\u00f3 que no se registraron casos que requieran internaci\u00f3n, ni gravedad.<\/p>\n<p>\u201cHan tenido algunas consultas como heridas leves durante la noche del 31 y la madrugada del 1, hubo un herido de bala en la madrugada del 1\u00b0 de enero producto de ri\u00f1as callejeras que se produjeron en la ciudad, en cercan\u00edas de una fiesta clandestina, pero fueron heridas leves que no necesitaron internaci\u00f3n&#8221;, inform\u00f3.<\/p>\n<p>Destac\u00f3 que si bien hay mucha gente que todav\u00eda sale a festejar sin medir las consecuencias, y generalmente acompa\u00f1ados de la ingesta de alcohol, los fuertes operativos de control desplegados por fuerzas de Seguridad en articulaci\u00f3n con el Municipio hicieron que disminuyan los accidentes o lesionados en estas fechas.<\/p>\n<p>En otro orden de cosas, y atento a las altas temperaturas que estamos transitando, la referente de salud brind\u00f3 recomendaciones para el cuidado de ni\u00f1os y adultos, subrayando que la prevenci\u00f3n es clave para disfrutar de manera segura.<\/p>\n<p>En este sentido resalt\u00f3 la importancia de ingerir l\u00edquido, agua o refrescos de frutas naturales, por lo menos de dos a tres litros de agua por d\u00eda, usar protector solar al ir a la playa, usar protector en la cabeza ya sea gorro o pa\u00f1uelo, ingerir comidas frescas, semis\u00f3lidas o no tan pesadas.<\/p>\n<p>Asimismo, y ante la notable concurrencia de vecinos en playas de la ciudad y la, enfatiz\u00f3 en la importancia de no consumir alcohol si se conduce un veh\u00edculo.<\/p>\n<p>Por \u00faltimo, y sobre el funcionamiento del Hospital Zonal y la entrega de turnos en esta temporada veraniega, la Dra. Martin inform\u00f3 que, como suele ocurrir en esta \u00e9poca, puede haber disminuci\u00f3n de oferta en algunos turnos debido a que el personal inicia su periodo e vacaciones, no obstante la actividad ser\u00e1 habitual.<\/p>\n","protected":false},"excerpt":{"rendered":"<p>03\/01\/2023- La directora del Hospital Zonal de Caleta Olivia, Dra. Karina Martin, hizo referencia a las intervenciones del nosocomio tras<\/p>\n","protected":false},"author":8,"featured_media":12874,"comment_status":"open","ping_status":"closed","sticky":false,"template":"","format":"standard","meta":{"footnotes":""},"categories":[40,117],"tags":[],"class_list":["post-12873","post","type-post","status-publish","format-standard","has-post-thumbnail","hentry","category-municipales","category-salud"],"_links":{"self":[{"href":"https:\/\/ecosdelsur.com\/index.php?rest_route=\/wp\/v2\/posts\/12873","targetHints":{"allow":["GET"]}}],"collection":[{"href":"https:\/\/ecosdelsur.com\/index.php?rest_route=\/wp\/v2\/posts"}],"about":[{"href":"https:\/\/ecosdelsur.com\/index.php?rest_route=\/wp\/v2\/types\/post"}],"author":[{"embeddable":true,"href":"https:\/\/ecosdelsur.com\/index.php?rest_route=\/wp\/v2\/users\/8"}],"replies":[{"embeddable":true,"href":"https:\/\/ecosdelsur.com\/index.php?rest_route=%2Fwp%2Fv2%2Fcomments&post=12873"}],"version-history":[{"count":0,"href":"https:\/\/ecosdelsur.com\/index.php?rest_route=\/wp\/v2\/posts\/12873\/revisions"}],"wp:featuredmedia":[{"embeddable":true,"href":"https:\/\/ecosdelsur.com\/index.php?rest_route=\/wp\/v2\/media\/12874"}],"wp:attachment":[{"href":"https:\/\/ecosdelsur.com\/index.php?rest_route=%2Fwp%2Fv2%2Fmedia&parent=12873"}],"wp:term":[{"taxonomy":"category","embeddable":true,"href":"https:\/\/ecosdelsur.com\/index.php?rest_route=%2Fwp%2Fv2%2Fcategories&post=12873"},{"taxonomy":"post_tag","embeddable":true,"href":"https:\/\/ecosdelsur.com\/index.php?rest_route=%2Fwp%2Fv2%2Ftags&post=12873"}],"curies":[{"name":"wp","href":"https:\/\/api.w.org\/{rel}","templated":true}]}}