{"id":12867,"date":"2024-01-03T18:29:55","date_gmt":"2024-01-03T18:29:55","guid":{"rendered":"https:\/\/ecosdelsur.com\/?p=12867"},"modified":"2024-01-03T18:29:55","modified_gmt":"2024-01-03T18:29:55","slug":"la-municipalidad-se-encuentra-trabajando-en-calle-humberto-beghin","status":"publish","type":"post","link":"https:\/\/ecosdelsur.com\/?p=12867","title":{"rendered":"La Municipalidad se encuentra trabajando en calle Humberto Beghin"},"content":{"rendered":"<p>03\/01\/2023-La Subsecretar\u00eda de Obras P\u00fablicas, se encuentra interviniendo r\u00e1pidamente en la calle Humberto Beghin tras el levantamiento de suelo de hormig\u00f3n, que gener\u00f3 la alta temperatura del d\u00eda de ayer.<img decoding=\"async\" class=\"alignnone size-large wp-image-12871 lazyload\" data-src=\"https:\/\/ecosdelsur.com\/wp-content\/uploads\/2024\/01\/WhatsApp-Image-2024-01-03-at-13.43.11-1024x768.jpeg\" alt=\"\" width=\"800\" height=\"600\" data-srcset=\"https:\/\/ecosdelsur.com\/wp-content\/uploads\/2024\/01\/WhatsApp-Image-2024-01-03-at-13.43.11-scaled.jpeg 1024w, https:\/\/ecosdelsur.com\/wp-content\/uploads\/2024\/01\/WhatsApp-Image-2024-01-03-at-13.43.11-300x225.jpeg 300w, https:\/\/ecosdelsur.com\/wp-content\/uploads\/2024\/01\/WhatsApp-Image-2024-01-03-at-13.43.11-768x576.jpeg 768w, https:\/\/ecosdelsur.com\/wp-content\/uploads\/2024\/01\/WhatsApp-Image-2024-01-03-at-13.43.11-1536x1152.jpeg 1536w\" data-sizes=\"(max-width: 800px) 100vw, 800px\" src=\"data:image\/svg+xml;base64,PHN2ZyB3aWR0aD0iMSIgaGVpZ2h0PSIxIiB4bWxucz0iaHR0cDovL3d3dy53My5vcmcvMjAwMC9zdmciPjwvc3ZnPg==\" style=\"--smush-placeholder-width: 800px; --smush-placeholder-aspect-ratio: 800\/600;\" \/><\/p>\n<p>En este marco, Jos\u00e9 Luis Espinoza, encargado del \u00e1rea, coment\u00f3 que ya se encuentran trabajando en toda la calzada, retirando el material que sufri\u00f3 el quiebre para luego poder asfaltar nuevamente.<br \/>\n\u201cEstamos realizando un relevamiento en los distintos barrios para ver si las calles sufrieron el mismo da\u00f1o\u201d, coment\u00f3.<img decoding=\"async\" class=\"alignnone size-large wp-image-12869 lazyload\" data-src=\"https:\/\/ecosdelsur.com\/wp-content\/uploads\/2024\/01\/WhatsApp-Image-2024-01-03-at-13.43.10-1024x768.jpeg\" alt=\"\" width=\"800\" height=\"600\" data-srcset=\"https:\/\/ecosdelsur.com\/wp-content\/uploads\/2024\/01\/WhatsApp-Image-2024-01-03-at-13.43.10-scaled.jpeg 1024w, https:\/\/ecosdelsur.com\/wp-content\/uploads\/2024\/01\/WhatsApp-Image-2024-01-03-at-13.43.10-300x225.jpeg 300w, https:\/\/ecosdelsur.com\/wp-content\/uploads\/2024\/01\/WhatsApp-Image-2024-01-03-at-13.43.10-768x576.jpeg 768w, https:\/\/ecosdelsur.com\/wp-content\/uploads\/2024\/01\/WhatsApp-Image-2024-01-03-at-13.43.10-1536x1152.jpeg 1536w\" data-sizes=\"(max-width: 800px) 100vw, 800px\" src=\"data:image\/svg+xml;base64,PHN2ZyB3aWR0aD0iMSIgaGVpZ2h0PSIxIiB4bWxucz0iaHR0cDovL3d3dy53My5vcmcvMjAwMC9zdmciPjwvc3ZnPg==\" style=\"--smush-placeholder-width: 800px; --smush-placeholder-aspect-ratio: 800\/600;\" \/><\/p>\n<p>Es importante remarcar que la Municipalidad cuenta con los recursos necesarios para poder cumplir con este tipo de demandas.<img decoding=\"async\" class=\"alignnone size-large wp-image-12870 lazyload\" data-src=\"https:\/\/ecosdelsur.com\/wp-content\/uploads\/2024\/01\/WhatsApp-Image-2024-01-03-at-13.43.11-1-1024x768.jpeg\" alt=\"\" width=\"800\" height=\"600\" data-srcset=\"https:\/\/ecosdelsur.com\/wp-content\/uploads\/2024\/01\/WhatsApp-Image-2024-01-03-at-13.43.11-1-scaled.jpeg 1024w, https:\/\/ecosdelsur.com\/wp-content\/uploads\/2024\/01\/WhatsApp-Image-2024-01-03-at-13.43.11-1-300x225.jpeg 300w, https:\/\/ecosdelsur.com\/wp-content\/uploads\/2024\/01\/WhatsApp-Image-2024-01-03-at-13.43.11-1-768x576.jpeg 768w, https:\/\/ecosdelsur.com\/wp-content\/uploads\/2024\/01\/WhatsApp-Image-2024-01-03-at-13.43.11-1-1536x1152.jpeg 1536w\" data-sizes=\"(max-width: 800px) 100vw, 800px\" src=\"data:image\/svg+xml;base64,PHN2ZyB3aWR0aD0iMSIgaGVpZ2h0PSIxIiB4bWxucz0iaHR0cDovL3d3dy53My5vcmcvMjAwMC9zdmciPjwvc3ZnPg==\" style=\"--smush-placeholder-width: 800px; --smush-placeholder-aspect-ratio: 800\/600;\" \/><\/p>\n<p>Desv\u00edo<br \/>\nAl estar intervenida toda la calzada, se realiz\u00f3 un desvi\u00f3, paralelamente, a Humberto Beghin, entre las calles Piedra Buena y Santiago del Estero, sobre la Primera Laguna.<br \/>\nLa labor realizada durar\u00e1 aproximadamente 15 d\u00edas de fraguado del mismo, es por ello que se solicita a los automovilistas transitar con precauci\u00f3n.<\/p>\n<p>#MunicipalidadCaletaOlivia<br \/>\n#gestionpablocarrizo<br \/>\n#EstamosTrabajando<br \/>\n#CaletaOlivia<\/p>\n","protected":false},"excerpt":{"rendered":"<p>03\/01\/2023-La Subsecretar\u00eda de Obras P\u00fablicas, se encuentra interviniendo r\u00e1pidamente en la calle Humberto Beghin tras el levantamiento de suelo de<\/p>\n","protected":false},"author":8,"featured_media":12868,"comment_status":"open","ping_status":"closed","sticky":false,"template":"","format":"standard","meta":{"footnotes":""},"categories":[40],"tags":[],"class_list":["post-12867","post","type-post","status-publish","format-standard","has-post-thumbnail","hentry","category-municipales"],"_links":{"self":[{"href":"https:\/\/ecosdelsur.com\/index.php?rest_route=\/wp\/v2\/posts\/12867","targetHints":{"allow":["GET"]}}],"collection":[{"href":"https:\/\/ecosdelsur.com\/index.php?rest_route=\/wp\/v2\/posts"}],"about":[{"href":"https:\/\/ecosdelsur.com\/index.php?rest_route=\/wp\/v2\/types\/post"}],"author":[{"embeddable":true,"href":"https:\/\/ecosdelsur.com\/index.php?rest_route=\/wp\/v2\/users\/8"}],"replies":[{"embeddable":true,"href":"https:\/\/ecosdelsur.com\/index.php?rest_route=%2Fwp%2Fv2%2Fcomments&post=12867"}],"version-history":[{"count":0,"href":"https:\/\/ecosdelsur.com\/index.php?rest_route=\/wp\/v2\/posts\/12867\/revisions"}],"wp:featuredmedia":[{"embeddable":true,"href":"https:\/\/ecosdelsur.com\/index.php?rest_route=\/wp\/v2\/media\/12868"}],"wp:attachment":[{"href":"https:\/\/ecosdelsur.com\/index.php?rest_route=%2Fwp%2Fv2%2Fmedia&parent=12867"}],"wp:term":[{"taxonomy":"category","embeddable":true,"href":"https:\/\/ecosdelsur.com\/index.php?rest_route=%2Fwp%2Fv2%2Fcategories&post=12867"},{"taxonomy":"post_tag","embeddable":true,"href":"https:\/\/ecosdelsur.com\/index.php?rest_route=%2Fwp%2Fv2%2Ftags&post=12867"}],"curies":[{"name":"wp","href":"https:\/\/api.w.org\/{rel}","templated":true}]}}