{"id":12862,"date":"2024-01-03T17:53:54","date_gmt":"2024-01-03T17:53:54","guid":{"rendered":"https:\/\/ecosdelsur.com\/?p=12862"},"modified":"2024-01-03T17:53:54","modified_gmt":"2024-01-03T17:53:54","slug":"vidal-puso-en-funciones-al-ministro-de-energia-y-mineria-como-se-proyectara-el-nuevo-organismo","status":"publish","type":"post","link":"https:\/\/ecosdelsur.com\/?p=12862","title":{"rendered":"Vidal puso en funciones al ministro de Energ\u00eda y Miner\u00eda: c\u00f3mo se proyectar\u00e1 el nuevo organismo"},"content":{"rendered":"<p><span style=\"font-size: 16px;\">03\/01\/2023-El gobernador Claudio Vidal tom\u00f3 juramento a Jaime Horacio \u00c1lvarez como nuevo ministro de Energ\u00eda y Miner\u00eda de Santa Cruz.<img decoding=\"async\" class=\"alignnone size-large wp-image-12865 lazyload\" data-src=\"https:\/\/ecosdelsur.com\/wp-content\/uploads\/2024\/01\/WhatsApp_Image_2024-01-03_at_11.25.18_3-1024x712.jpeg\" alt=\"\" width=\"800\" height=\"556\" data-srcset=\"https:\/\/ecosdelsur.com\/wp-content\/uploads\/2024\/01\/WhatsApp_Image_2024-01-03_at_11.25.18_3-scaled.jpeg 1024w, https:\/\/ecosdelsur.com\/wp-content\/uploads\/2024\/01\/WhatsApp_Image_2024-01-03_at_11.25.18_3-300x209.jpeg 300w, https:\/\/ecosdelsur.com\/wp-content\/uploads\/2024\/01\/WhatsApp_Image_2024-01-03_at_11.25.18_3-768x534.jpeg 768w, https:\/\/ecosdelsur.com\/wp-content\/uploads\/2024\/01\/WhatsApp_Image_2024-01-03_at_11.25.18_3-392x272.jpeg 392w, https:\/\/ecosdelsur.com\/wp-content\/uploads\/2024\/01\/WhatsApp_Image_2024-01-03_at_11.25.18_3-130x90.jpeg 130w\" data-sizes=\"(max-width: 800px) 100vw, 800px\" src=\"data:image\/svg+xml;base64,PHN2ZyB3aWR0aD0iMSIgaGVpZ2h0PSIxIiB4bWxucz0iaHR0cDovL3d3dy53My5vcmcvMjAwMC9zdmciPjwvc3ZnPg==\" style=\"--smush-placeholder-width: 800px; --smush-placeholder-aspect-ratio: 800\/556;\" \/> <\/span><\/p>\n<p><span style=\"font-size: 16px;\">El \u00f3rgano se cre\u00f3 a partir de la modificaci\u00f3n de la Ley N\u00b0 3480 Org\u00e1nica de Ministerios, sancionada recientemente por el Poder Legislativo. \u201cImplica jerarquizar un sector olvidado por muchos a\u00f1os\u201d, asegur\u00f3 el primer mandatario.<img decoding=\"async\" class=\"alignnone size-large wp-image-12864 lazyload\" data-src=\"https:\/\/ecosdelsur.com\/wp-content\/uploads\/2024\/01\/WhatsApp_Image_2024-01-03_at_11.25.18_1-1024x580.jpeg\" alt=\"\" width=\"800\" height=\"453\" data-srcset=\"https:\/\/ecosdelsur.com\/wp-content\/uploads\/2024\/01\/WhatsApp_Image_2024-01-03_at_11.25.18_1-scaled.jpeg 1024w, https:\/\/ecosdelsur.com\/wp-content\/uploads\/2024\/01\/WhatsApp_Image_2024-01-03_at_11.25.18_1-300x170.jpeg 300w, https:\/\/ecosdelsur.com\/wp-content\/uploads\/2024\/01\/WhatsApp_Image_2024-01-03_at_11.25.18_1-768x435.jpeg 768w\" data-sizes=\"(max-width: 800px) 100vw, 800px\" src=\"data:image\/svg+xml;base64,PHN2ZyB3aWR0aD0iMSIgaGVpZ2h0PSIxIiB4bWxucz0iaHR0cDovL3d3dy53My5vcmcvMjAwMC9zdmciPjwvc3ZnPg==\" style=\"--smush-placeholder-width: 800px; --smush-placeholder-aspect-ratio: 800\/453;\" \/><\/span><\/p>\n<div class=\"itemFullText\">\n<p>En primera instancia se llev\u00f3 adelante la lectura del Decreto N\u00b0 02\/24 a trav\u00e9s del cual, el gobernador Claudio Vidal design\u00f3 al Ingeniero Jaime Horacio \u00c1lvarez en el cargo de ministro de Energ\u00eda y Miner\u00eda. Posteriormente, se procedi\u00f3 a tomar juramento de ley y a firmar el libro de actas.<\/p>\n<p>En primera instancia, Vidal expres\u00f3 su afecto hacia el flamante ministro: \u201cSab\u00e9s lo que te aprecio. Como amigo, como consejero, como parte fundamental de la creaci\u00f3n de nuestro espacio pol\u00edtico, fuiste uno de los primeros que se sum\u00f3 a este proyecto, que creci\u00f3 en este proyecto, y que trabaj\u00f3 fuertemente para que las cosas se den como se terminaron dando\u201d.<\/p>\n<p>En otro tramo, reconoci\u00f3 \u201clas ganas que ten\u00e9s por sacar esta provincia adelante, s\u00e9 de tu buena voluntad y por eso la designaci\u00f3n en uno de los ministerios m\u00e1s importantes, pero que, adem\u00e1s, en esta nueva etapa tendr\u00e1 un gran protagonismo\u201d.<\/p>\n<p>En este punto, el primer mandatario santacruce\u00f1o mencion\u00f3 que \u201ctodos hablamos de la dif\u00edcil situaci\u00f3n que atraviesa nuestro pa\u00eds, y creo que nadie desconoce lo que est\u00e1 sucediendo en nuestra provincia, para nada es un hecho aislado y todo lo que pasa a nivel nacional nos afecta claramente\u201d.<\/p>\n<p>Asimismo, se\u00f1al\u00f3: \u201cPero soy de los que cree que lleg\u00f3 el momento de pensar y de trabajar para resolver los problemas que tenemos en esta provincia. Nadie de afuera va a venir a resolver lo que nosotros tenemos que resolver. Como santacruce\u00f1os, como sociedad, como parte de esta provincia. Lo tenemos que hacer nosotros\u201d.<\/p>\n<p>Respecto a la creaci\u00f3n del ministerio, Vidal consider\u00f3: \u201cCreo que por primera vez tiene en cuenta realmente lo importante que puede ser la actividad privada, jerarquizar al sector hidrocarbur\u00edfero que fue olvidado durante muchos a\u00f1os\u201d.<\/p>\n<p>Record\u00f3 al respecto que fueron \u201c20 a\u00f1os de p\u00e9rdida de producci\u00f3n, eso no es poca cosa, es algo muy importante que hasta el momento parece que nadie lo ten\u00eda presente, perder producci\u00f3n significa perder posibilidades de vivir mejor, significa tener menos presupuesto para aplicar en materia educativa, en materia de salud, en materia de infraestructura provincial y significa tener menos posibilidades de tener servicios en las distintas localidades\u201d.<\/p>\n<p>En este sentido, Vidal asegur\u00f3 que \u201cno se pod\u00eda seguir descuidando el sector m\u00e1s fuerte en lo privado que tiene la provincia de Santa Cruz, es por eso esta designaci\u00f3n a este ministerio, una de las personas con el equipo m\u00e1s preparado que tiene esta provincia\u201d.<\/p>\n<p>Resalt\u00f3, adem\u00e1s: \u201cS\u00e9 que con esto tambi\u00e9n estoy exigiendo lo que tengo que exigir para generar el bien com\u00fan. S\u00e9 tambi\u00e9n que no ser\u00e1 una tarea f\u00e1cil, pero una provincia que tiene tantos recursos, que tiene todas estas condiciones, solamente hay que trabajar y explotarlos en beneficio de la sociedad, creo que no puede seguir dependiendo solamente, o en mayor cantidad, de lo que te da el gobierno nacional, m\u00e1s all\u00e1 de que corresponda, nosotros lo tenemos que hacer fuerte en materia productiva\u201d.<\/p>\n<p>Vidal asegur\u00f3: \u201cTenemos que realmente volver a producir. Volver a recuperar la cultura de trabajo\u201d. Record\u00f3 luego: \u201cAlguna vez como Secretario General de un gremio tan importante de la actividad petrolera, en momentos de crisis me tocaba golpear las puertas en Buenos Aires y porque el empresariado que explotaba nuestros recursos, en los mejores de los casos, tiene su domicilio fiscal en Buenos Aires. Si nosotros revertimos esa situaci\u00f3n y hacemos fuerte al sector empresarial de la regi\u00f3n, de la provincia, seguramente nuestras discusiones ser\u00e1n ac\u00e1 y entre todos podremos llegar a buen puerto\u201d.<\/p>\n<p>Para cerrar, Vidal asever\u00f3: \u201cQuiero que el ministerio realmente genere las condiciones necesarias para producir, para sostener el empleo que tenemos en el sector privado, pero para incrementar el nivel de trabajo tenemos que lograr para sacar a nuestra provincia de la dif\u00edcil situaci\u00f3n econ\u00f3mica que hoy est\u00e1 atravesando. No es una tarea f\u00e1cil, pero tampoco es imposible\u201d.<\/p>\n<p>El acto tuvo lugar en el Sal\u00f3n Blanco de la Casa de Gobierno, el primer mandatario provincial fue acompa\u00f1ado por el vicegobernador, Fabi\u00e1n Leguizam\u00f3n; el jefe de Gabinete de Ministros, Jos\u00e9 Daniel \u00c1lvarez; y el ministro de Gobierno, Pedro Luxen. A la vez, participaron invitados especiales, familiares y funcionarios del Ejecutivo Provincial.<\/p>\n<\/div>\n","protected":false},"excerpt":{"rendered":"<p>03\/01\/2023-El gobernador Claudio Vidal tom\u00f3 juramento a Jaime Horacio \u00c1lvarez como nuevo ministro de Energ\u00eda y Miner\u00eda de Santa Cruz.<\/p>\n","protected":false},"author":8,"featured_media":12863,"comment_status":"open","ping_status":"closed","sticky":false,"template":"","format":"standard","meta":{"footnotes":""},"categories":[36],"tags":[],"class_list":["post-12862","post","type-post","status-publish","format-standard","has-post-thumbnail","hentry","category-policiales"],"_links":{"self":[{"href":"https:\/\/ecosdelsur.com\/index.php?rest_route=\/wp\/v2\/posts\/12862","targetHints":{"allow":["GET"]}}],"collection":[{"href":"https:\/\/ecosdelsur.com\/index.php?rest_route=\/wp\/v2\/posts"}],"about":[{"href":"https:\/\/ecosdelsur.com\/index.php?rest_route=\/wp\/v2\/types\/post"}],"author":[{"embeddable":true,"href":"https:\/\/ecosdelsur.com\/index.php?rest_route=\/wp\/v2\/users\/8"}],"replies":[{"embeddable":true,"href":"https:\/\/ecosdelsur.com\/index.php?rest_route=%2Fwp%2Fv2%2Fcomments&post=12862"}],"version-history":[{"count":0,"href":"https:\/\/ecosdelsur.com\/index.php?rest_route=\/wp\/v2\/posts\/12862\/revisions"}],"wp:featuredmedia":[{"embeddable":true,"href":"https:\/\/ecosdelsur.com\/index.php?rest_route=\/wp\/v2\/media\/12863"}],"wp:attachment":[{"href":"https:\/\/ecosdelsur.com\/index.php?rest_route=%2Fwp%2Fv2%2Fmedia&parent=12862"}],"wp:term":[{"taxonomy":"category","embeddable":true,"href":"https:\/\/ecosdelsur.com\/index.php?rest_route=%2Fwp%2Fv2%2Fcategories&post=12862"},{"taxonomy":"post_tag","embeddable":true,"href":"https:\/\/ecosdelsur.com\/index.php?rest_route=%2Fwp%2Fv2%2Ftags&post=12862"}],"curies":[{"name":"wp","href":"https:\/\/api.w.org\/{rel}","templated":true}]}}