{"id":1282,"date":"2023-05-12T04:38:46","date_gmt":"2023-05-12T04:38:46","guid":{"rendered":"https:\/\/ecosdelsur.com\/?p=1282"},"modified":"2023-05-12T04:39:12","modified_gmt":"2023-05-12T04:39:12","slug":"claudio-vidal-inicio-una-nueva-campana-solidaria-en-rio-gallegos","status":"publish","type":"post","link":"https:\/\/ecosdelsur.com\/?p=1282","title":{"rendered":"Claudio Vidal inici\u00f3 una nueva campa\u00f1a solidaria en R\u00edo Gallegos"},"content":{"rendered":"<p><img decoding=\"async\" class=\"alignnone size-medium wp-image-1283 lazyload\" data-src=\"https:\/\/ecosdelsur.com\/wp-content\/uploads\/2023\/05\/DSC02467-1-300x193.jpg\" alt=\"\" width=\"300\" height=\"193\" data-srcset=\"https:\/\/ecosdelsur.com\/wp-content\/uploads\/2023\/05\/DSC02467-1-300x193.jpg 300w, https:\/\/ecosdelsur.com\/wp-content\/uploads\/2023\/05\/DSC02467-1-768x493.jpg 768w, https:\/\/ecosdelsur.com\/wp-content\/uploads\/2023\/05\/DSC02467-1.jpg 800w\" data-sizes=\"(max-width: 300px) 100vw, 300px\" src=\"data:image\/svg+xml;base64,PHN2ZyB3aWR0aD0iMSIgaGVpZ2h0PSIxIiB4bWxucz0iaHR0cDovL3d3dy53My5vcmcvMjAwMC9zdmciPjwvc3ZnPg==\" style=\"--smush-placeholder-width: 300px; --smush-placeholder-aspect-ratio: 300\/193;\" \/> <img decoding=\"async\" class=\"alignnone size-medium wp-image-1284 lazyload\" data-src=\"https:\/\/ecosdelsur.com\/wp-content\/uploads\/2023\/05\/DSC02482-1-300x179.jpg\" alt=\"\" width=\"300\" height=\"179\" data-srcset=\"https:\/\/ecosdelsur.com\/wp-content\/uploads\/2023\/05\/DSC02482-1-300x179.jpg 300w, https:\/\/ecosdelsur.com\/wp-content\/uploads\/2023\/05\/DSC02482-1-768x458.jpg 768w, https:\/\/ecosdelsur.com\/wp-content\/uploads\/2023\/05\/DSC02482-1.jpg 800w\" data-sizes=\"(max-width: 300px) 100vw, 300px\" src=\"data:image\/svg+xml;base64,PHN2ZyB3aWR0aD0iMSIgaGVpZ2h0PSIxIiB4bWxucz0iaHR0cDovL3d3dy53My5vcmcvMjAwMC9zdmciPjwvc3ZnPg==\" style=\"--smush-placeholder-width: 300px; --smush-placeholder-aspect-ratio: 300\/179;\" \/> <img decoding=\"async\" class=\"alignnone size-medium wp-image-1285 lazyload\" data-src=\"https:\/\/ecosdelsur.com\/wp-content\/uploads\/2023\/05\/DSC02519-1-300x182.jpg\" alt=\"\" width=\"300\" height=\"182\" data-srcset=\"https:\/\/ecosdelsur.com\/wp-content\/uploads\/2023\/05\/DSC02519-1-300x182.jpg 300w, https:\/\/ecosdelsur.com\/wp-content\/uploads\/2023\/05\/DSC02519-1-768x466.jpg 768w, https:\/\/ecosdelsur.com\/wp-content\/uploads\/2023\/05\/DSC02519-1.jpg 800w\" data-sizes=\"(max-width: 300px) 100vw, 300px\" src=\"data:image\/svg+xml;base64,PHN2ZyB3aWR0aD0iMSIgaGVpZ2h0PSIxIiB4bWxucz0iaHR0cDovL3d3dy53My5vcmcvMjAwMC9zdmciPjwvc3ZnPg==\" style=\"--smush-placeholder-width: 300px; --smush-placeholder-aspect-ratio: 300\/182;\" \/><\/p>\n<p>La falta de servicios, de trabajo, y una inflaci\u00f3n descontrolada ha provocado que muchas familias no puedan calefaccionarse ni cocinar en Santa Cruz. Desde SER se comprometen con la comunidad y dicen presente una vez m\u00e1s.<\/p>\n<p>Con la llegada del oto\u00f1o, como ocurre todos los a\u00f1os, el diputado nacional Claudio Vidal inici\u00f3 la campa\u00f1a solidaria de distribuci\u00f3n de le\u00f1a en diferentes asentamientos vulnerables y barrios humildes de la provincia, con la intenci\u00f3n de ayudar a que hogares sin acceso a red de gas natural puedan combatir las bajas temperaturas y cocinar un plato de comida caliente. En esta oportunidad la iniciativa comenz\u00f3 en R\u00edo Gallegos donde el fr\u00edo desde hace algunas semanas se hizo presente con fuerza, y la concentraci\u00f3n de gente que se encuentra bajo la l\u00ednea de pobreza es mayor.<\/p>\n<p>Algunos de los barrios que recorri\u00f3 el dirigente pol\u00edtico fueron el Bicentenario y el Santa Cruz de la capital provincial. Con el prop\u00f3sito de dar cierto alivio a aquellas familias que no cuentan con los servicios b\u00e1sicos en sus domicilios ni tienen acceso o ayuda por parte del Estado. El legislador reitera, como siempre, que la idea es \u201cmitigar la necesidad de mujeres, ni\u00f1os, abuelos y discapacitados, en los sectores m\u00e1s vulnerables de nuestra sociedad\u201d.<\/p>\n<p>Tambien el dirigente gremial advirti\u00f3 que \u201cal recorrer las localidades observamos todo lo que falta hacer, recibimos en mano muchos pedidos de los vecinos, y lo que se pide no solo son bolsones de comida, le\u00f1a, chapa, herramientas; lo que m\u00e1s pide la gente es un trabajo digno con un salario digno, y lo piden para sus hijos, para sus padres, para sus t\u00edos, para sus hermanos, para sus primos, para sus amigos, no llegan a fin de mes, no pueden pagar las cuentas, porque a los que trabajan tampoco les alcanza. La le\u00f1a es algo, es importante, la acci\u00f3n solidaria tambi\u00e9n es importante, pero lo que tenemos que hacer es modificar las condiciones econ\u00f3micas, pol\u00edticas y sociales de la provincia, hay que generar oportunidades para cada santacruce\u00f1o, para que podamos as\u00ed salir de la crisis en la que nos encontramos y poder avanzar en el desarrollo de Santa Cruz\u201d.<\/p>\n<p>La cantidad de familias que manifiestan pasar alguna necesidad ha crecido de manera exponencial en el \u00faltimo tiempo, tanto es as\u00ed que Claudio Vidal resalta que esta campa\u00f1a es m\u00e1s grande que las anteriores por la necesidad que vemos en los barrios. \u201cEl n\u00famero de personas que piden le\u00f1a se ha multiplicado por lo menos por tres comparado con a\u00f1os anteriores, cada vez son m\u00e1s lo que necesitan cosas, y con este nivel de inflaci\u00f3n la situaci\u00f3n se potencia\u201d, legislador.<\/p>\n<p>En este momento del a\u00f1o cuando las bajas temperaturas son m\u00e1s marcadas, se hace evidente la falta de presencia del estado en los barrios y la desidia que se ve por parte de las autoridades. \u201cEsta realidad pone de manifiesto de manera clara y precisa las vergonzosas debilidades que las pol\u00edticas del oficialismo generan, esto no puede seguir as\u00ed\u201d, concluy\u00f3 Vidal.<\/p>\n","protected":false},"excerpt":{"rendered":"<p>La falta de servicios, de trabajo, y una inflaci\u00f3n descontrolada ha provocado que muchas familias no puedan calefaccionarse ni cocinar<\/p>\n","protected":false},"author":8,"featured_media":1286,"comment_status":"open","ping_status":"closed","sticky":false,"template":"","format":"standard","meta":{"footnotes":""},"categories":[1],"tags":[],"class_list":["post-1282","post","type-post","status-publish","format-standard","has-post-thumbnail","hentry","category-uncategorized"],"_links":{"self":[{"href":"https:\/\/ecosdelsur.com\/index.php?rest_route=\/wp\/v2\/posts\/1282","targetHints":{"allow":["GET"]}}],"collection":[{"href":"https:\/\/ecosdelsur.com\/index.php?rest_route=\/wp\/v2\/posts"}],"about":[{"href":"https:\/\/ecosdelsur.com\/index.php?rest_route=\/wp\/v2\/types\/post"}],"author":[{"embeddable":true,"href":"https:\/\/ecosdelsur.com\/index.php?rest_route=\/wp\/v2\/users\/8"}],"replies":[{"embeddable":true,"href":"https:\/\/ecosdelsur.com\/index.php?rest_route=%2Fwp%2Fv2%2Fcomments&post=1282"}],"version-history":[{"count":0,"href":"https:\/\/ecosdelsur.com\/index.php?rest_route=\/wp\/v2\/posts\/1282\/revisions"}],"wp:featuredmedia":[{"embeddable":true,"href":"https:\/\/ecosdelsur.com\/index.php?rest_route=\/wp\/v2\/media\/1286"}],"wp:attachment":[{"href":"https:\/\/ecosdelsur.com\/index.php?rest_route=%2Fwp%2Fv2%2Fmedia&parent=1282"}],"wp:term":[{"taxonomy":"category","embeddable":true,"href":"https:\/\/ecosdelsur.com\/index.php?rest_route=%2Fwp%2Fv2%2Fcategories&post=1282"},{"taxonomy":"post_tag","embeddable":true,"href":"https:\/\/ecosdelsur.com\/index.php?rest_route=%2Fwp%2Fv2%2Ftags&post=1282"}],"curies":[{"name":"wp","href":"https:\/\/api.w.org\/{rel}","templated":true}]}}