{"id":1278,"date":"2023-05-12T04:33:08","date_gmt":"2023-05-12T04:33:08","guid":{"rendered":"https:\/\/ecosdelsur.com\/?p=1278"},"modified":"2023-05-12T04:33:08","modified_gmt":"2023-05-12T04:33:08","slug":"secuestran-ovinos-robados-de-cuatro-estancias","status":"publish","type":"post","link":"https:\/\/ecosdelsur.com\/?p=1278","title":{"rendered":"Secuestran ovinos robados de cuatro estancias"},"content":{"rendered":"<p>Se buscan m\u00e1s damnificados ya que los efectivos de Operaciones Rurales, encontraron un poco m\u00e1s de 30 marcas distintas en el cami\u00f3n jaula que secuestraron, y el cual se dirig\u00eda a la ciudad de Trelew. El conductor qued\u00f3 a disposici\u00f3n de la justicia.<\/p>\n<p>En la tarde del mi\u00e9rcoles, personal de la Divisi\u00f3n Operaciones Rurales Piedra Buena, llev\u00f3 a cabo controles preventivos y simult\u00e1neos en la Ruta Nacional N\u00b0288, en el acceso oeste y en la Ruta Nacional N\u00b03, direcci\u00f3n Sur-Norte.<\/p>\n<p>&nbsp;<\/p>\n<p>Durante la inspecci\u00f3n, el segundo grupo identific\u00f3 a un cami\u00f3n jaula y acoplado doble piso, que transportaba ovinos desde la zona de Esperanza, con destino a Trelew, Chubut.<\/p>\n<p>&nbsp;<\/p>\n<p>All\u00ed se constat\u00f3 que la mayor\u00eda de las se\u00f1ales y caravanas de los ovinos no coincid\u00edan, y presentaban distintas numeraciones.<\/p>\n<p>Los damnificados, que por ahora lograron establecer los investigadores, se encuentran reconociendo los animales como de su propiedad, continuando con la b\u00fasqueda de damnificados dado que registraron m\u00e1s de 30 se\u00f1ales, tambi\u00e9n por \u00f3rdenes judiciales, la Divisi\u00f3n Operaciones Rurales de R\u00edo Gallegos, despleg\u00f3 una consigna en inmediaciones del establecimiento Alquinta, para evitar que retiren o ingresen animales.<\/p>\n","protected":false},"excerpt":{"rendered":"<p>Se buscan m\u00e1s damnificados ya que los efectivos de Operaciones Rurales, encontraron un poco m\u00e1s de 30 marcas distintas en<\/p>\n","protected":false},"author":8,"featured_media":1279,"comment_status":"open","ping_status":"closed","sticky":false,"template":"","format":"standard","meta":{"footnotes":""},"categories":[36,33],"tags":[],"class_list":["post-1278","post","type-post","status-publish","format-standard","has-post-thumbnail","hentry","category-policiales","category-politica"],"_links":{"self":[{"href":"https:\/\/ecosdelsur.com\/index.php?rest_route=\/wp\/v2\/posts\/1278","targetHints":{"allow":["GET"]}}],"collection":[{"href":"https:\/\/ecosdelsur.com\/index.php?rest_route=\/wp\/v2\/posts"}],"about":[{"href":"https:\/\/ecosdelsur.com\/index.php?rest_route=\/wp\/v2\/types\/post"}],"author":[{"embeddable":true,"href":"https:\/\/ecosdelsur.com\/index.php?rest_route=\/wp\/v2\/users\/8"}],"replies":[{"embeddable":true,"href":"https:\/\/ecosdelsur.com\/index.php?rest_route=%2Fwp%2Fv2%2Fcomments&post=1278"}],"version-history":[{"count":0,"href":"https:\/\/ecosdelsur.com\/index.php?rest_route=\/wp\/v2\/posts\/1278\/revisions"}],"wp:featuredmedia":[{"embeddable":true,"href":"https:\/\/ecosdelsur.com\/index.php?rest_route=\/wp\/v2\/media\/1279"}],"wp:attachment":[{"href":"https:\/\/ecosdelsur.com\/index.php?rest_route=%2Fwp%2Fv2%2Fmedia&parent=1278"}],"wp:term":[{"taxonomy":"category","embeddable":true,"href":"https:\/\/ecosdelsur.com\/index.php?rest_route=%2Fwp%2Fv2%2Fcategories&post=1278"},{"taxonomy":"post_tag","embeddable":true,"href":"https:\/\/ecosdelsur.com\/index.php?rest_route=%2Fwp%2Fv2%2Ftags&post=1278"}],"curies":[{"name":"wp","href":"https:\/\/api.w.org\/{rel}","templated":true}]}}