{"id":1275,"date":"2023-05-12T04:10:34","date_gmt":"2023-05-12T04:10:34","guid":{"rendered":"https:\/\/ecosdelsur.com\/?p=1275"},"modified":"2023-05-12T04:10:38","modified_gmt":"2023-05-12T04:10:38","slug":"hernan-piquin-invito-a-la-comunidad-a-ser-parte-de-su-espectaculo-show-debe-continuar","status":"publish","type":"post","link":"https:\/\/ecosdelsur.com\/?p=1275","title":{"rendered":"Hern\u00e1n Piqu\u00edn invit\u00f3 a la comunidad a ser parte de su espect\u00e1culo \u201cShow debe Continuar\u201d \u00a0"},"content":{"rendered":"<p class=\"yiv9032393989MsoNormal yiv9032393989elementToProof\"><i><span class=\"yiv9032393989ContentPasted0 yiv9032393989elementToProof\">El pr\u00f3ximo martes 16 de mayo, a las 21 horas en la Sala Auditorio del Centro Cultural, se presentar\u00e1 el bailar\u00edn nacional Hern\u00e1n Piqu\u00edn junto a 10 bailarines de excelencia, para vivenciar la apasionante vida art\u00edstica de Freddy Mercury, quien fue cantante de la ic\u00f3nica banda Queen. \u00a0<\/span><\/i><\/p>\n<p class=\"yiv9032393989MsoNormal\"><i>\u00a0<\/i><span class=\"yiv9032393989ContentPasted0\">Las entradas para el show ya se encuentran a la venta a partir de las 16 horas en la Boleter\u00eda del Cine a un valor de 7000 mil pesos, no obstante, a diferencia de eventos anteriores, se habilit\u00f3 la posibilidad de pagar con tarjetas de d\u00e9bito y cr\u00e9dito para facilitar el acceso al show. \u00a0<\/span><\/p>\n<p class=\"yiv9032393989MsoNormal\"><span class=\"yiv9032393989ContentPasted0\">En este marco, el bailar\u00edn, fue entrevistado por el comunicador, Javier Rivarola a trav\u00e9s del programa radial \u201cVamos Que Venimos\u201d y el director del Cine Municipal, Fabi\u00e1n Jara, fue el encargado de darle la primera bienvenida, celebrando el entusiasmo por parte de toda la comunidad caletense. \u00a0<\/span><\/p>\n<p class=\"yiv9032393989MsoNormal\"><b><i><span class=\"yiv9032393989ContentPasted0\">\u201cEstoy feliz de volver y estar en Caleta Olivia con este hermoso espect\u00e1culo, en el que contamos en 90 minutos lo que fue la vida de Freddy Mercury y los momentos m\u00e1s significativos de su vida como el amor; desamor; despertar sexual y su sexualidad; cuando se entera de su enfermedad, y hasta sus \u00faltimos d\u00edas\u201d<\/span><\/i><\/b><span class=\"yiv9032393989ContentPasted0\">, explic\u00f3 Piqu\u00edn. \u00a0<\/span><\/p>\n<p class=\"yiv9032393989MsoNormal\"><span class=\"yiv9032393989ContentPasted0\">Tambi\u00e9n, mencion\u00f3 que lo acompa\u00f1ar\u00e1, Gabriela Alberti, primera bailarina del Col\u00f3n, junto a otros 10 artistas que se presentar\u00e1n en escena, exponiendo 25 temas, cambios de vestuario, escenograf\u00edas e im\u00e1genes. \u00a0<\/span><\/p>\n<p class=\"yiv9032393989MsoNormal\"><b><i><span class=\"yiv9032393989ContentPasted0\">\u201cAmamos salir de gira porque le damos la posibilidad a la gente del sur de ver este show en su localidad. Agradezco el espacio y desde ya los invitamos a todos para pasar un hermoso momento donde se van a emocionar, cantar, bailar, hacer palmas al ritmo de la m\u00fasica, bienvenido sea todo lo que deseen hacer en la platea\u201d,<\/span><\/i><\/b><span class=\"yiv9032393989ContentPasted0\">\u00a0culmin\u00f3 Hern\u00e1n. \u00a0<\/span><\/p>\n","protected":false},"excerpt":{"rendered":"<p>El pr\u00f3ximo martes 16 de mayo, a las 21 horas en la Sala Auditorio del Centro Cultural, se presentar\u00e1 el<\/p>\n","protected":false},"author":8,"featured_media":1276,"comment_status":"open","ping_status":"closed","sticky":false,"template":"","format":"standard","meta":{"footnotes":""},"categories":[38],"tags":[],"class_list":["post-1275","post","type-post","status-publish","format-standard","has-post-thumbnail","hentry","category-espectaculos"],"_links":{"self":[{"href":"https:\/\/ecosdelsur.com\/index.php?rest_route=\/wp\/v2\/posts\/1275","targetHints":{"allow":["GET"]}}],"collection":[{"href":"https:\/\/ecosdelsur.com\/index.php?rest_route=\/wp\/v2\/posts"}],"about":[{"href":"https:\/\/ecosdelsur.com\/index.php?rest_route=\/wp\/v2\/types\/post"}],"author":[{"embeddable":true,"href":"https:\/\/ecosdelsur.com\/index.php?rest_route=\/wp\/v2\/users\/8"}],"replies":[{"embeddable":true,"href":"https:\/\/ecosdelsur.com\/index.php?rest_route=%2Fwp%2Fv2%2Fcomments&post=1275"}],"version-history":[{"count":0,"href":"https:\/\/ecosdelsur.com\/index.php?rest_route=\/wp\/v2\/posts\/1275\/revisions"}],"wp:featuredmedia":[{"embeddable":true,"href":"https:\/\/ecosdelsur.com\/index.php?rest_route=\/wp\/v2\/media\/1276"}],"wp:attachment":[{"href":"https:\/\/ecosdelsur.com\/index.php?rest_route=%2Fwp%2Fv2%2Fmedia&parent=1275"}],"wp:term":[{"taxonomy":"category","embeddable":true,"href":"https:\/\/ecosdelsur.com\/index.php?rest_route=%2Fwp%2Fv2%2Fcategories&post=1275"},{"taxonomy":"post_tag","embeddable":true,"href":"https:\/\/ecosdelsur.com\/index.php?rest_route=%2Fwp%2Fv2%2Ftags&post=1275"}],"curies":[{"name":"wp","href":"https:\/\/api.w.org\/{rel}","templated":true}]}}